{"id":8852,"date":"2020-12-07T15:12:55","date_gmt":"2020-12-07T21:12:55","guid":{"rendered":"https:\/\/encuentroinformativo.com.mx\/?p=8852"},"modified":"2020-12-07T15:12:58","modified_gmt":"2020-12-07T21:12:58","slug":"develan-placa-en-memoria-de-desaparecidos","status":"publish","type":"post","link":"https:\/\/encuentroinformativo.com.mx\/?p=8852","title":{"rendered":"Develan placa en memoria de desaparecidos"},"content":{"rendered":"\n<p><strong>Dar\u00edo Pale <\/strong><\/p>\n\n\n\n<p>Xalapa, Ver.- El d\u00eda de hoy familiares de v\u00edctimas de desaparecidos llevaron a cabo la develaci\u00f3n de una placa y la siembra de un \u00e1rbol en memoria de los desaparecidos acompa\u00f1ados de autoridades municipales y estatales la cual se coloc\u00f3 en una de las jardineras del parque Ju\u00e1rez de la capital del estado.<\/p>\n\n\n\n<p>Durante el evento de la develacion de la placa fueron acompa\u00f1ados por\u00a0Namiko Matzumoto Ben\u00edtez, presidenta de la Comisi\u00f3n Estatal de Derechos Humanos (CEDH) en Veracruz y otras autoridades\u00a0 dijeron que es alusivo a la fortaleza a todas aquellas\u00a0 familias que buscan un familiar.<\/p>\n\n\n\n<p>La se\u00f1ora Mar\u00eda Antonieta Mu\u00f1oz Roa dijo que no han dejado de buscarlos y el \u00e1rbol es alusivo para\u00a0de esa manera concientizar y demostrar que sus pasos no han sido en vano.<\/p>\n\n\n\n<p>\u201cEl \u00e1rbol se llama encino pie de duela, el cual\u00a0 es un \u00e1rbol que dura mucho, que quiz\u00e1s  ya no estemos nosotros pero ah\u00ed va a estar por siempre y ese va a representar el esfuerzo de cada padre, cada madre cada t\u00eda que busca a su familia\u201d.<\/p>\n\n\n\n<p>De acuerdo con Fabiola Pensado mencion\u00f3 que \u00e9ste d\u00eda es muy especial ya que hoy es cumplea\u00f1os de su hijo dijo que es un acto de memoria po sus seres querido los viales deben ser recordados.<\/p>\n\n\n\n<p>Finalmente solicit\u00f3 evitar los juicios\u00a0 que\u00a0 criminalizan a las v\u00edctimas e invitarlos a generar\u00a0 conciencia\u00a0 de lo vulnerable que es la sociedad ante esa crisis de desaparici\u00f3n la cual a todos les pueden pasar, por lo\u00a0que espera que ninguna familia m\u00e1s pase por ese dolor ya que duele en lo m\u00e1s profundo del alma.<\/p>\n","protected":false},"excerpt":{"rendered":"<p>Dar\u00edo Pale Xalapa, Ver.- El d\u00eda de hoy familiares de v\u00edctimas de desaparecidos llevaron a cabo la develaci\u00f3n de una placa y la siembra de un \u00e1rbol en memoria de los desaparecidos acompa\u00f1ados de autoridades municipales y estatales la cual se coloc\u00f3 en una de las jardineras del parque Ju\u00e1rez de la capital del estado. [&hellip;]<\/p>\n","protected":false},"author":1,"featured_media":8853,"comment_status":"open","ping_status":"open","sticky":false,"template":"","format":"standard","meta":{"_jetpack_memberships_contains_paid_content":false,"footnotes":""},"categories":[3],"tags":[],"class_list":["post-8852","post","type-post","status-publish","format-standard","has-post-thumbnail","hentry","category-xalapa"],"jetpack_featured_media_url":"https:\/\/encuentroinformativo.com.mx\/wp-content\/uploads\/2020\/12\/08B27344-3C80-4F62-8D43-2CDD7656D478.jpeg","jetpack_sharing_enabled":true,"jetpack_likes_enabled":true,"amp_enabled":true,"_links":{"self":[{"href":"https:\/\/encuentroinformativo.com.mx\/index.php?rest_route=\/wp\/v2\/posts\/8852","targetHints":{"allow":["GET"]}}],"collection":[{"href":"https:\/\/encuentroinformativo.com.mx\/index.php?rest_route=\/wp\/v2\/posts"}],"about":[{"href":"https:\/\/encuentroinformativo.com.mx\/index.php?rest_route=\/wp\/v2\/types\/post"}],"author":[{"embeddable":true,"href":"https:\/\/encuentroinformativo.com.mx\/index.php?rest_route=\/wp\/v2\/users\/1"}],"replies":[{"embeddable":true,"href":"https:\/\/encuentroinformativo.com.mx\/index.php?rest_route=%2Fwp%2Fv2%2Fcomments&post=8852"}],"version-history":[{"count":1,"href":"https:\/\/encuentroinformativo.com.mx\/index.php?rest_route=\/wp\/v2\/posts\/8852\/revisions"}],"predecessor-version":[{"id":8854,"href":"https:\/\/encuentroinformativo.com.mx\/index.php?rest_route=\/wp\/v2\/posts\/8852\/revisions\/8854"}],"wp:featuredmedia":[{"embeddable":true,"href":"https:\/\/encuentroinformativo.com.mx\/index.php?rest_route=\/wp\/v2\/media\/8853"}],"wp:attachment":[{"href":"https:\/\/encuentroinformativo.com.mx\/index.php?rest_route=%2Fwp%2Fv2%2Fmedia&parent=8852"}],"wp:term":[{"taxonomy":"category","embeddable":true,"href":"https:\/\/encuentroinformativo.com.mx\/index.php?rest_route=%2Fwp%2Fv2%2Fcategories&post=8852"},{"taxonomy":"post_tag","embeddable":true,"href":"https:\/\/encuentroinformativo.com.mx\/index.php?rest_route=%2Fwp%2Fv2%2Ftags&post=8852"}],"curies":[{"name":"wp","href":"https:\/\/api.w.org\/{rel}","templated":true}]}}