{"id":8855,"date":"2020-12-07T15:18:12","date_gmt":"2020-12-07T21:18:12","guid":{"rendered":"https:\/\/encuentroinformativo.com.mx\/?p=8855"},"modified":"2020-12-07T15:18:14","modified_gmt":"2020-12-07T21:18:14","slug":"con-decreto-suspenden-reuniones-de-fin-de-ano-en-dependencias","status":"publish","type":"post","link":"https:\/\/encuentroinformativo.com.mx\/?p=8855","title":{"rendered":"Con decreto, suspenden reuniones de fin de a\u00f1o en dependencias"},"content":{"rendered":"\n<p><strong>Juan Arcos <\/strong><\/p>\n\n\n\n<p>Xalapa, Ver.- El gobernador Cuitl\u00e1huac Garc\u00eda Jim\u00e9nez anunci\u00f3 un nuevo decreto para el estado de Veracruz con el que se establece la campa\u00f1a \u201cmanteng\u00e1monos en verde, cuida tu salud\u201d, mismo que estar\u00e1 vigente de este lunes 6 de diciembre al domingo 3 de enero de 2021.<\/p>\n\n\n\n<p>El mandatario estatal indic\u00f3 que esta situaci\u00f3n contempla la aplicaci\u00f3n de restricciones para evitar contagios, la propagaci\u00f3n del SARS-COV-2 (COVID-19) y condiciones para transitar a una nueva normalidad.<\/p>\n\n\n\n<p>Con el decreto se emiten siete medidas que deber\u00e1n ser acatadas por las y los veracruzanos:\u00a0<\/p>\n\n\n\n<ol class=\"wp-block-list\"><li>Quedan suspendidas las comidas, cenas y reuniones tradicionales de fin de a\u00f1o que se realizan con los trabajadores de la Administraci\u00f3n P\u00fablica estatal.<\/li><li>Se mantienen las medidas sanitarias de los sem\u00e1foros epidemiol\u00f3gicos municipales.&nbsp;<\/li><li>La distensi\u00f3n de algunas medidas y la reapertura gradual de las actividades en la nueva normalidad del sem\u00e1foro verde s\u00f3lo se aplicar\u00e1n hasta conseguir cuatro semanas consecutivas en el mismo color.&nbsp;<\/li><li>Las&nbsp;medidas sanitarias y recomendaciones generales, como no realizar eventos masivos, mantener la distancia de metro y medio en filas y aforos, buen uso del cubrebocas y lavado frecuente de manos, se mantienen en lugares p\u00fablicos y, por lo tanto, las limitaciones para evitar la concentraci\u00f3n y aglomeraci\u00f3n de personas correspondientes al color amarillo en el sem\u00e1foro epidemiol\u00f3gico se mantienen vigentes, en tanto no se cumpla el punto previo: las cuatro semanas en verde.<\/li><li>El transporte p\u00fablico mantendr\u00e1 el uso obligatorio del cubrebocas y la reducci\u00f3n del n\u00famero de pasajeros.&nbsp;<\/li><li>Los comercios tendr\u00e1n que sujetarse al color aplicable en su municipio y al registro de sus medidas para obtener el C\u00f3digo QR que proporciona el gobierno estatal para que los negocios puedan operar en esta \u201cnueva normalidad\u201d.<\/li><li>No habr\u00e1 retorno a clases presenciales hasta que la Secretar\u00eda de Educaci\u00f3n P\u00fablica (SEP) lo indique y el sem\u00e1foro verde haya permanecido por lo menos cuatro semanas continuas.&nbsp;<\/li><\/ol>\n\n\n\n<p>Record\u00f3 que el Sem\u00e1foro de Riesgo Epidemiol\u00f3gico nacional se mantendr\u00e1 en verde del lunes 7 al domingo 20 de diciembre.<\/p>\n\n\n\n<p>\u201cSi est\u00e1 indicaci\u00f3n, que va a durar del 7 al 20 de diciembre, el d\u00eda 21 entramos en amarillo, de nada sirvi\u00f3 haber estado en verde, se reinicia otra vez la contabilidad, por eso insistimos en esta campa\u00f1a: manteng\u00e1monos en verde. Estamos buscando cuatro reportes con sem\u00e1foro verde que nos da la Federaci\u00f3n\u201d.<\/p>\n\n\n\n<p>Garc\u00eda Jim\u00e9nez refiri\u00f3 que adicionalmente al decreto se reitera a la poblaci\u00f3n a seguir las recomendaciones ya informadas, como evitar fiestas y reuniones entre familias de diferentes hogares; limitar las visitas a los hogares de otras familias en otros estados; evitar aglomeraciones por compras y motivos religiosos; y se exhorta a la ciudadan\u00eda a suspender las peregrinaciones con motivo del D\u00eda de la Virgen de Guadalupe, el pr\u00f3ximo 12 de diciembre.<\/p>\n\n\n\n<p>El Gobernador de Veracruz tambi\u00e9n exhort\u00f3 a los 212 presidentas y presidentes municipales del estado para que coadyuven en las acciones que se lleven a cabo para dar cumplimiento al decreto mencionado, en coordinaci\u00f3n con Tr\u00e1nsito, Polic\u00eda y Protecci\u00f3n Civil estatal y municipales con el apoyo de las fuerzas coordinadas.<\/p>\n","protected":false},"excerpt":{"rendered":"<p>Juan Arcos Xalapa, Ver.- El gobernador Cuitl\u00e1huac Garc\u00eda Jim\u00e9nez anunci\u00f3 un nuevo decreto para el estado de Veracruz con el que se establece la campa\u00f1a \u201cmanteng\u00e1monos en verde, cuida tu salud\u201d, mismo que estar\u00e1 vigente de este lunes 6 de diciembre al domingo 3 de enero de 2021. El mandatario estatal indic\u00f3 que esta situaci\u00f3n [&hellip;]<\/p>\n","protected":false},"author":1,"featured_media":8856,"comment_status":"open","ping_status":"open","sticky":false,"template":"","format":"standard","meta":{"_jetpack_memberships_contains_paid_content":false,"footnotes":""},"categories":[2],"tags":[],"class_list":["post-8855","post","type-post","status-publish","format-standard","has-post-thumbnail","hentry","category-estado"],"jetpack_featured_media_url":"https:\/\/encuentroinformativo.com.mx\/wp-content\/uploads\/2020\/12\/91FAE02D-F244-47BC-BB6D-E6FA4EC1CB57.jpeg","jetpack_sharing_enabled":true,"jetpack_likes_enabled":true,"amp_enabled":true,"_links":{"self":[{"href":"https:\/\/encuentroinformativo.com.mx\/index.php?rest_route=\/wp\/v2\/posts\/8855","targetHints":{"allow":["GET"]}}],"collection":[{"href":"https:\/\/encuentroinformativo.com.mx\/index.php?rest_route=\/wp\/v2\/posts"}],"about":[{"href":"https:\/\/encuentroinformativo.com.mx\/index.php?rest_route=\/wp\/v2\/types\/post"}],"author":[{"embeddable":true,"href":"https:\/\/encuentroinformativo.com.mx\/index.php?rest_route=\/wp\/v2\/users\/1"}],"replies":[{"embeddable":true,"href":"https:\/\/encuentroinformativo.com.mx\/index.php?rest_route=%2Fwp%2Fv2%2Fcomments&post=8855"}],"version-history":[{"count":1,"href":"https:\/\/encuentroinformativo.com.mx\/index.php?rest_route=\/wp\/v2\/posts\/8855\/revisions"}],"predecessor-version":[{"id":8857,"href":"https:\/\/encuentroinformativo.com.mx\/index.php?rest_route=\/wp\/v2\/posts\/8855\/revisions\/8857"}],"wp:featuredmedia":[{"embeddable":true,"href":"https:\/\/encuentroinformativo.com.mx\/index.php?rest_route=\/wp\/v2\/media\/8856"}],"wp:attachment":[{"href":"https:\/\/encuentroinformativo.com.mx\/index.php?rest_route=%2Fwp%2Fv2%2Fmedia&parent=8855"}],"wp:term":[{"taxonomy":"category","embeddable":true,"href":"https:\/\/encuentroinformativo.com.mx\/index.php?rest_route=%2Fwp%2Fv2%2Fcategories&post=8855"},{"taxonomy":"post_tag","embeddable":true,"href":"https:\/\/encuentroinformativo.com.mx\/index.php?rest_route=%2Fwp%2Fv2%2Ftags&post=8855"}],"curies":[{"name":"wp","href":"https:\/\/api.w.org\/{rel}","templated":true}]}}