{"id":886,"date":"2020-03-13T14:04:44","date_gmt":"2020-03-13T20:04:44","guid":{"rendered":"https:\/\/encuentroinformativo.com\/?p=886"},"modified":"2020-03-13T14:04:46","modified_gmt":"2020-03-13T20:04:46","slug":"concluyen-paro-de-labores-en-la-normal-veracruzana","status":"publish","type":"post","link":"https:\/\/encuentroinformativo.com.mx\/?p=886","title":{"rendered":"Concluyen paro de labores en la Normal Veracruzana"},"content":{"rendered":"\n<p><strong>Juan Arcos <\/strong><\/p>\n\n\n\n<p>Xalapa, Ver.- Al mediod\u00eda de este viernes concluy\u00f3 el paro estudiantil en la Benem\u00e9rita Escuela Normal Veracruzana (BENV) \u201cEnrique C. Rebsamen\u201d.<\/p>\n\n\n\n<p>Los estudiantes iniciaron la protesta el pasado mi\u00e9rcoles, para exigir que sean castigados los casos de acoso sexual contra las alumnas y que se garantice la seguridad de la comunidad.<\/p>\n\n\n\n<p>De acuerdo con Alexa Adamari Estanislao Mendoza, secretaria general del Comit\u00e9 Ejecutivo Estudiantil Normalista del ciclo escolar 2019-2020, se firm\u00f3 un acuerdo con autoridades estatales en una reuni\u00f3n celebrada en la Direcci\u00f3n General de Escuelas Normales, durante el jueves por la ma\u00f1ana.<\/p>\n\n\n\n<p>Se logr\u00f3 una mesa de di\u00e1logo permanente entre autoridades y la comunidad normalista para atender los casos de acoso sexual que se han registrado en la instituci\u00f3n.<\/p>\n\n\n\n<p>La entrevistada indic\u00f3 que se emprender\u00e1n acciones para la creaci\u00f3n de un plan de acci\u00f3n a corto, mediano y largo plazo.\u00a0<br>Lo anterior, para prevenir el delito en las inmediaciones de la Normal Veracruzana, ubicada entre las avenidas Xalapa y Ruiz Cortines.<\/p>\n\n\n\n<p>Cabe recordar que los alumnos han denunciado que han sido asaltados afuera del plantel.<\/p>\n\n\n\n<p>Estanislao Mendoza mencion\u00f3 que uno de los compromisos del Comit\u00e9 Estudiantil es recabar informaci\u00f3n sobre los casos de violencia que se hayan registrado.<\/p>\n\n\n\n<p>\u201cLa firma sirve para que los estudiantes nos encontremos respaldados y tengamos todo el apoyo de nuestros directivos, de la direcci\u00f3n de escuelas normales, de la Secretar\u00eda de Seguridad P\u00fablica, del ayuntamiento y de la Subsecretar\u00eda de Educaci\u00f3n Media Superior y Superior, entre otras instituciones, las cuales nos van a ayudar a los normalistas a tener una vida m\u00e1s segura\u201d, remat\u00f3.<\/p>\n\n\n\n<p><\/p>\n","protected":false},"excerpt":{"rendered":"<p>Juan Arcos Xalapa, Ver.- Al mediod\u00eda de este viernes concluy\u00f3 el paro estudiantil en la Benem\u00e9rita Escuela Normal Veracruzana (BENV) \u201cEnrique C. Rebsamen\u201d. Los estudiantes iniciaron la protesta el pasado mi\u00e9rcoles, para exigir que sean castigados los casos de acoso sexual contra las alumnas y que se garantice la seguridad de la comunidad. De acuerdo [&hellip;]<\/p>\n","protected":false},"author":1,"featured_media":887,"comment_status":"open","ping_status":"open","sticky":false,"template":"","format":"standard","meta":{"_jetpack_memberships_contains_paid_content":false,"footnotes":""},"categories":[3],"tags":[],"class_list":["post-886","post","type-post","status-publish","format-standard","has-post-thumbnail","hentry","category-xalapa"],"jetpack_featured_media_url":"https:\/\/encuentroinformativo.com.mx\/wp-content\/uploads\/2020\/03\/886F2CDD-DF25-4465-BDDB-BB3D926870DA.jpeg","jetpack_sharing_enabled":true,"jetpack_likes_enabled":true,"amp_enabled":true,"_links":{"self":[{"href":"https:\/\/encuentroinformativo.com.mx\/index.php?rest_route=\/wp\/v2\/posts\/886","targetHints":{"allow":["GET"]}}],"collection":[{"href":"https:\/\/encuentroinformativo.com.mx\/index.php?rest_route=\/wp\/v2\/posts"}],"about":[{"href":"https:\/\/encuentroinformativo.com.mx\/index.php?rest_route=\/wp\/v2\/types\/post"}],"author":[{"embeddable":true,"href":"https:\/\/encuentroinformativo.com.mx\/index.php?rest_route=\/wp\/v2\/users\/1"}],"replies":[{"embeddable":true,"href":"https:\/\/encuentroinformativo.com.mx\/index.php?rest_route=%2Fwp%2Fv2%2Fcomments&post=886"}],"version-history":[{"count":1,"href":"https:\/\/encuentroinformativo.com.mx\/index.php?rest_route=\/wp\/v2\/posts\/886\/revisions"}],"predecessor-version":[{"id":888,"href":"https:\/\/encuentroinformativo.com.mx\/index.php?rest_route=\/wp\/v2\/posts\/886\/revisions\/888"}],"wp:featuredmedia":[{"embeddable":true,"href":"https:\/\/encuentroinformativo.com.mx\/index.php?rest_route=\/wp\/v2\/media\/887"}],"wp:attachment":[{"href":"https:\/\/encuentroinformativo.com.mx\/index.php?rest_route=%2Fwp%2Fv2%2Fmedia&parent=886"}],"wp:term":[{"taxonomy":"category","embeddable":true,"href":"https:\/\/encuentroinformativo.com.mx\/index.php?rest_route=%2Fwp%2Fv2%2Fcategories&post=886"},{"taxonomy":"post_tag","embeddable":true,"href":"https:\/\/encuentroinformativo.com.mx\/index.php?rest_route=%2Fwp%2Fv2%2Ftags&post=886"}],"curies":[{"name":"wp","href":"https:\/\/api.w.org\/{rel}","templated":true}]}}