{"id":8861,"date":"2020-12-07T16:09:16","date_gmt":"2020-12-07T22:09:16","guid":{"rendered":"https:\/\/encuentroinformativo.com.mx\/?p=8861"},"modified":"2020-12-07T16:10:55","modified_gmt":"2020-12-07T22:10:55","slug":"segun-fiscalia-disminuyen-secuestros-en-veracruz","status":"publish","type":"post","link":"https:\/\/encuentroinformativo.com.mx\/?p=8861","title":{"rendered":"Seg\u00fan Fiscal\u00eda, disminuyen secuestros en Veracruz"},"content":{"rendered":"\n<p><strong>Juan Arcos <\/strong><\/p>\n\n\n\n<p>Xalapa, Ver.- La titular de la Fiscal\u00eda General del Estado (FGE), Ver\u00f3nica Hern\u00e1ndez Giad\u00e1ns, asegur\u00f3 que el \u00edndice de secuestros y homicidios dolosos bajaron 50 por ciento y 20 por ciento, respectivamente.<\/p>\n\n\n\n<p>Durante la entrega de unidades automotrices y equipo t\u00e1ctico a la Polic\u00eda Ministerial con recursos del Fondo de Aportaciones para la Seguridad P\u00fablica (FASP) 2020 y motocicletas a la Unidad Especializada en Combate al Secuestro con recurso estatal, se\u00f1al\u00f3 que se han obtenido resultados favorables en beneficio de la seguridad de las y los ciudadanos.<\/p>\n\n\n\n<p>\u201cSe han generado grandes resultados en beneficio de la seguridad de los ciudadanos y revertir vergonzosos \u00edndices que se arrastraban de administraciones pasadas. En nuestra gesti\u00f3n hemos registrado un descenso considerable superior al 50 por ciento en la incidencia de secuestros en Veracruz y 20 por ciento de homicidios dolosos\u201d.<\/p>\n\n\n\n<p>La Fiscal General inform\u00f3 para la entrega del equipamiento se invirtieron casi 25 millones de pesos de recursos estatales y federales.&nbsp;<br>Se entregaron diez motocicletas para la Unidad Especializada en Combate al Secuestro; 22 veh\u00edculos para la Polic\u00eda Ministerial, entre los que se encuentra una ambulancia equipada, 13 carros sed\u00e1n y ocho camionetas tipo pick up para patrullas.<\/p>\n\n\n\n<p>Tambi\u00e9n se otorgaron 233 chalecos bal\u00edsticos, vestuarios y uniformes para todos los elementos de la Polic\u00eda Ministerial.<\/p>\n\n\n\n<p>Hern\u00e1ndez Giad\u00e1ns asever\u00f3 que no se permitir\u00e1 que en la procuraci\u00f3n de justicia haya espacio para la corrupci\u00f3n, complicidades con grupos delictivos, apat\u00eda y negligencia.<\/p>\n\n\n\n<p>\u201cProcurar justicia en Veracruz se ha convertido en un ejercicio permanente, que refleja la transformaci\u00f3n de las instituciones que es real y produce resultados, sin tregua a la injusticia e impunidad es como se vive la transformaci\u00f3n\u201d, enfatiz\u00f3.<\/p>\n","protected":false},"excerpt":{"rendered":"<p>Juan Arcos Xalapa, Ver.- La titular de la Fiscal\u00eda General del Estado (FGE), Ver\u00f3nica Hern\u00e1ndez Giad\u00e1ns, asegur\u00f3 que el \u00edndice de secuestros y homicidios dolosos bajaron 50 por ciento y 20 por ciento, respectivamente. Durante la entrega de unidades automotrices y equipo t\u00e1ctico a la Polic\u00eda Ministerial con recursos del Fondo de Aportaciones para la [&hellip;]<\/p>\n","protected":false},"author":1,"featured_media":8864,"comment_status":"open","ping_status":"open","sticky":false,"template":"","format":"standard","meta":{"_jetpack_memberships_contains_paid_content":false,"footnotes":""},"categories":[2],"tags":[],"class_list":["post-8861","post","type-post","status-publish","format-standard","has-post-thumbnail","hentry","category-estado"],"jetpack_featured_media_url":"https:\/\/encuentroinformativo.com.mx\/wp-content\/uploads\/2020\/12\/EE84964F-AA8A-4CA1-854B-E2A779F56EB0.jpeg","jetpack_sharing_enabled":true,"jetpack_likes_enabled":true,"amp_enabled":true,"_links":{"self":[{"href":"https:\/\/encuentroinformativo.com.mx\/index.php?rest_route=\/wp\/v2\/posts\/8861","targetHints":{"allow":["GET"]}}],"collection":[{"href":"https:\/\/encuentroinformativo.com.mx\/index.php?rest_route=\/wp\/v2\/posts"}],"about":[{"href":"https:\/\/encuentroinformativo.com.mx\/index.php?rest_route=\/wp\/v2\/types\/post"}],"author":[{"embeddable":true,"href":"https:\/\/encuentroinformativo.com.mx\/index.php?rest_route=\/wp\/v2\/users\/1"}],"replies":[{"embeddable":true,"href":"https:\/\/encuentroinformativo.com.mx\/index.php?rest_route=%2Fwp%2Fv2%2Fcomments&post=8861"}],"version-history":[{"count":2,"href":"https:\/\/encuentroinformativo.com.mx\/index.php?rest_route=\/wp\/v2\/posts\/8861\/revisions"}],"predecessor-version":[{"id":8865,"href":"https:\/\/encuentroinformativo.com.mx\/index.php?rest_route=\/wp\/v2\/posts\/8861\/revisions\/8865"}],"wp:featuredmedia":[{"embeddable":true,"href":"https:\/\/encuentroinformativo.com.mx\/index.php?rest_route=\/wp\/v2\/media\/8864"}],"wp:attachment":[{"href":"https:\/\/encuentroinformativo.com.mx\/index.php?rest_route=%2Fwp%2Fv2%2Fmedia&parent=8861"}],"wp:term":[{"taxonomy":"category","embeddable":true,"href":"https:\/\/encuentroinformativo.com.mx\/index.php?rest_route=%2Fwp%2Fv2%2Fcategories&post=8861"},{"taxonomy":"post_tag","embeddable":true,"href":"https:\/\/encuentroinformativo.com.mx\/index.php?rest_route=%2Fwp%2Fv2%2Ftags&post=8861"}],"curies":[{"name":"wp","href":"https:\/\/api.w.org\/{rel}","templated":true}]}}