{"id":8869,"date":"2020-12-07T17:39:08","date_gmt":"2020-12-07T23:39:08","guid":{"rendered":"https:\/\/encuentroinformativo.com.mx\/?p=8869"},"modified":"2020-12-07T17:39:11","modified_gmt":"2020-12-07T23:39:11","slug":"coadyuvara-gobierno-en-caso-regina-martinez","status":"publish","type":"post","link":"https:\/\/encuentroinformativo.com.mx\/?p=8869","title":{"rendered":"Coadyuvar\u00e1 Gobierno en caso Regina Mart\u00ednez"},"content":{"rendered":"\n<p><strong>Juan Arcos <\/strong><\/p>\n\n\n\n<p>Xalapa, Ver.- El gobernador de Veracruz, Cuitl\u00e1huac Garc\u00eda Jim\u00e9nez, asegur\u00f3 que su administraci\u00f3n coadyuvar\u00e1 con la Fiscal\u00eda General de la Rep\u00fablica (FGR) para el esclarecimiento del caso Regina Mart\u00ednez, corresponsal de Proceso en Veracruz asesinada el 28 de abril de 2012.<\/p>\n\n\n\n<p>El pasado 19 de noviembre, el presidente de la Rep\u00fablica, Andr\u00e9s Manuel L\u00f3pez Obrador, en su conferencia ma\u00f1anera, dio a conocer que buscar\u00eda los recursos legales para reabrir el caso por el homicidio de la reportera.<\/p>\n\n\n\n<p>\u201cSi vemos la forma legal de que se reabra el caso, si es que est\u00e1 archivado. Yo no sab\u00eda que se hubiese cerrado el caso pero si es as\u00ed, lo reabrimos y se hace la investigaci\u00f3n a fondo\u201d, expres\u00f3 en aquella ocasi\u00f3n el mandatario federal.<\/p>\n\n\n\n<p>Por este caso, Jorge Antonio Hern\u00e1ndez, alias \u201cEl Silva\u201d, fue sentenciado a m\u00e1s de 38 a\u00f1os de c\u00e1rcel; sin embargo, el Tribunal Superior de Justicia del Estado de Veracruz revoc\u00f3 dicho fallo, bajo el argumento de que hab\u00edan sido violentadas sus garant\u00edas en el proceso penal.<\/p>\n\n\n\n<p>En el asesinato de la periodista tambi\u00e9n se lig\u00f3 a Jos\u00e9 Adri\u00e1n Hern\u00e1ndez Dom\u00ednguez, alias \u201cEl Jarocho\u201d, quien, hasta el momento, se encuentra pr\u00f3fugo de la justicia.<\/p>\n\n\n\n<p>Garc\u00eda Jim\u00e9nez coincidi\u00f3 con el Presidente de la Rep\u00fablica en que sea aclarado el crimen mencionado, toda vez que a\u00fan existen dudas sobre qui\u00e9nes participaron realmente en el mismo.<\/p>\n\n\n\n<p>El titular del Poder Ejecutivo en Veracruz record\u00f3 que el caso est\u00e1 siendo investigado por la Fiscal\u00eda Especializada en Delitos contra la Libertad de Expresi\u00f3n, que pertenece a la FGR.<\/p>\n\n\n\n<p>\u201cNo es un caso cerrado, es lo \u00faltimo que le\u00edmos, seguir\u00e1 y hacemos votos para que se aclare. No olvidemos que Regina era una cr\u00edtica del gobierno en turno y eso no se puede deslindar de la investigaci\u00f3n como lo pretendieron los gobernadores anteriores\u201d.<\/p>\n\n\n\n<p>Cabe recordar que la primera l\u00ednea de investigaci\u00f3n por parte de la extinta Procuradur\u00eda General del Estado de Veracruz se\u00f1alaba que el caso correspond\u00eda a un crimen pasional, situaci\u00f3n que ha sido criticada.<\/p>\n\n\n\n<p>El Gobernador de Veracruz anunci\u00f3 que en su momento solicitar\u00e1 a la Fiscal\u00eda General del Estado (FGE), a cargo de Ver\u00f3nica Hern\u00e1ndez Giad\u00e1ns, que aporte los elementos necesarios para coadyuvar en las diligencias correspondientes.<\/p>\n\n\n\n<p>\u201cNosotros todo lo que sea necesario. Recuerden que cuando se atrae un caso, todas las carpetas se recogen por protecci\u00f3n de las investigaciones, que est\u00e1 haciendo ya la Fiscal\u00eda General de la Rep\u00fablica\u201d.<\/p>\n\n\n\n<p><strong>HAY AUTODEFENSAS AL SUR DE VERACRUZ\u00a0<\/strong><\/p>\n\n\n\n<p>El mandatario estatal admiti\u00f3 que hay presencia de autodefensas en la zona sur del estado de Veracruz.<\/p>\n\n\n\n<p>\u201cTenemos indicios, algunas podr\u00edan existir en el sur del estado. Quien viole la ley, nosotros estamos obligados a actuar en consecuencia, no podemos ser omisos ante alguien que viola la ley, independientemente de c\u00f3mo se autonombre\u201d.<\/p>\n\n\n\n<p>En ese sentido, indic\u00f3 que David \u201cN\u201d, quien se identifica como l\u00edder del Frente Nacional de Autodefensas en Veracruz, no es l\u00edder, ni autodefensa o \u201cGeneral\u201d del Ej\u00e9rcito Mexicano.<\/p>\n\n\n\n<p>Cabe mencionar que David \u201cN\u201d y otra persona fueron detenidos sobre la carretera Xalapa-Veracruz, tras un enfrentamiento armado con polic\u00edas, seg\u00fan informaci\u00f3n de la Secretar\u00eda de Seguridad P\u00fablica (SSP).<\/p>\n\n\n\n<p>\u201cSe va a respetar el Estado de Derecho, hasta ahora es presunto responsable de ciertos delitos. Tenemos nuestras dudas de que sea autodefensa y de que sea General. No es ning\u00fan General, el Ej\u00e9rcito firma sus mandos y no ha nombrado a esa persona\u201d, expres\u00f3 el Gobernador.<\/p>\n\n\n\n<p>La SSP report\u00f3 la detenci\u00f3n de David \u201cN\u201d e Iv\u00e1n \u201cN\u201d por presunta portaci\u00f3n ilegal de arma de fuego y ultrajes a la autoridad, en un evento registrado sobre la carretera Valente D\u00edaz-Dos Lomas, en la ciudad de Veracruz.<br>Durante recorridos de vigilancia y prevenci\u00f3n del delito, sobre la carretera federal Xalapa- Veracruz, en el kil\u00f3metro 140, polic\u00edas estatales detectaron un veh\u00edculo Volkswagen Jetta Sed\u00e1n, el cual era conducido a exceso de velocidad.<\/p>\n\n\n\n<p>Mediante el autoparlante de la unidad policial se pidi\u00f3 al conductor que disminuyera la velocidad y se detuviera, haciendo caso omiso, por lo que se inici\u00f3 una persecuci\u00f3n que culmin\u00f3 en la carretera Valente D\u00edaz- Dos Lomas.<\/p>\n\n\n\n<p>\u201cDurante la inspecci\u00f3n a los tripulantes y unidad vehicular, David N, quien se present\u00f3 como coordinador general del Frente Nacional de Autodefensas Veracruz, portaba un arma de fuego corta, misma que accion\u00f3 en contra de los oficiales, impactando en diversas ocasiones en la patrulla; adem\u00e1s le encontraron una mariconera que en su interior contiene marihuana. Mientras que a Iv\u00e1n N le hallaron un arma de fuego corta, con un cargador; adem\u00e1s en el veh\u00edculo Volkswagen Jetta localizaron tres radios de comunicaci\u00f3n\u201d, se lee en un comunicado.<\/p>\n","protected":false},"excerpt":{"rendered":"<p>Juan Arcos Xalapa, Ver.- El gobernador de Veracruz, Cuitl\u00e1huac Garc\u00eda Jim\u00e9nez, asegur\u00f3 que su administraci\u00f3n coadyuvar\u00e1 con la Fiscal\u00eda General de la Rep\u00fablica (FGR) para el esclarecimiento del caso Regina Mart\u00ednez, corresponsal de Proceso en Veracruz asesinada el 28 de abril de 2012. El pasado 19 de noviembre, el presidente de la Rep\u00fablica, Andr\u00e9s Manuel [&hellip;]<\/p>\n","protected":false},"author":1,"featured_media":8870,"comment_status":"open","ping_status":"open","sticky":false,"template":"","format":"standard","meta":{"_jetpack_memberships_contains_paid_content":false,"footnotes":""},"categories":[2],"tags":[],"class_list":["post-8869","post","type-post","status-publish","format-standard","has-post-thumbnail","hentry","category-estado"],"jetpack_featured_media_url":"https:\/\/encuentroinformativo.com.mx\/wp-content\/uploads\/2020\/12\/8684A831-FA99-4DE0-ABFC-BCC3AEA5D55D.jpeg","jetpack_sharing_enabled":true,"jetpack_likes_enabled":true,"amp_enabled":true,"_links":{"self":[{"href":"https:\/\/encuentroinformativo.com.mx\/index.php?rest_route=\/wp\/v2\/posts\/8869","targetHints":{"allow":["GET"]}}],"collection":[{"href":"https:\/\/encuentroinformativo.com.mx\/index.php?rest_route=\/wp\/v2\/posts"}],"about":[{"href":"https:\/\/encuentroinformativo.com.mx\/index.php?rest_route=\/wp\/v2\/types\/post"}],"author":[{"embeddable":true,"href":"https:\/\/encuentroinformativo.com.mx\/index.php?rest_route=\/wp\/v2\/users\/1"}],"replies":[{"embeddable":true,"href":"https:\/\/encuentroinformativo.com.mx\/index.php?rest_route=%2Fwp%2Fv2%2Fcomments&post=8869"}],"version-history":[{"count":1,"href":"https:\/\/encuentroinformativo.com.mx\/index.php?rest_route=\/wp\/v2\/posts\/8869\/revisions"}],"predecessor-version":[{"id":8871,"href":"https:\/\/encuentroinformativo.com.mx\/index.php?rest_route=\/wp\/v2\/posts\/8869\/revisions\/8871"}],"wp:featuredmedia":[{"embeddable":true,"href":"https:\/\/encuentroinformativo.com.mx\/index.php?rest_route=\/wp\/v2\/media\/8870"}],"wp:attachment":[{"href":"https:\/\/encuentroinformativo.com.mx\/index.php?rest_route=%2Fwp%2Fv2%2Fmedia&parent=8869"}],"wp:term":[{"taxonomy":"category","embeddable":true,"href":"https:\/\/encuentroinformativo.com.mx\/index.php?rest_route=%2Fwp%2Fv2%2Fcategories&post=8869"},{"taxonomy":"post_tag","embeddable":true,"href":"https:\/\/encuentroinformativo.com.mx\/index.php?rest_route=%2Fwp%2Fv2%2Ftags&post=8869"}],"curies":[{"name":"wp","href":"https:\/\/api.w.org\/{rel}","templated":true}]}}