{"id":8877,"date":"2020-12-08T08:30:43","date_gmt":"2020-12-08T14:30:43","guid":{"rendered":"https:\/\/encuentroinformativo.com.mx\/?p=8877"},"modified":"2020-12-08T08:30:46","modified_gmt":"2020-12-08T14:30:46","slug":"andrea-es-inocente","status":"publish","type":"post","link":"https:\/\/encuentroinformativo.com.mx\/?p=8877","title":{"rendered":"Andrea es Inocente"},"content":{"rendered":"\n<p><strong>N\u00fameros Rojos<\/strong><\/p>\n\n\n\n<p><strong>Brenda Caballero<\/strong><\/p>\n\n\n\n<p>\u00a1Yo quisiera que la Fiscal del Estado me atendiera, que atendiera el caso de mi hija! Son las palabras de Lorena Jara Fonseca, madre de Andrea N, detenida el pasado 3 de diciembre por la presunta participaci\u00f3n en el feminicidio de Silvia Jazm\u00edn Armend\u00e1riz Alpuche, su mejor amiga.<\/p>\n\n\n\n<p>El caso de la joven Silvia constern\u00f3 tanto a la poblaci\u00f3n de Minatitl\u00e1n por la manera en que fue asesinada; incluso en este mismo espacio, el 19 de agosto de 2019, relataba la sa\u00f1a y la brutalidad con la que fue ultimada. El 15 de agosto, Silvia sali\u00f3 a hacerse un pedicure y jam\u00e1s regres\u00f3 a su casa. Al otro d\u00eda, su cuerpo fue encontrado en un basurero clandestino, calcinado hasta las rodillas. Todo apunt\u00f3 a que el homicida era Aldo Ad\u00e1n N, su ex novio, el cual en ese momento huy\u00f3, pero once meses despu\u00e9s, el 14 de julio de 2020, fue detenido en C\u00f3rdoba de manera circunstancial, ya que hab\u00edan denunciado v\u00eda telef\u00f3nica a una persona que estaba en una parada y se comportaba de manera agresiva. Aldo fue detenido y trasladado al Cereso de Coatzacoalcos. A finales de julio, despu\u00e9s de una audiencia de 5 horas, Aldo fue vinculado a proceso, y se le estableci\u00f3 prisi\u00f3n preventiva en raz\u00f3n de que se pudiera fugar.<\/p>\n\n\n\n<p>Desde el asesinato de Silvia, sus padres Silvia Alpuche y Jos\u00e9 H\u00e9ctor, han pedido justicia una y otra vez; incluso han hecho manifestaciones a trav\u00e9s de redes sociales por su \u00fanica hija.&nbsp;<\/p>\n\n\n\n<p>Del mismo modo, Andrea, comparti\u00f3 el deseo de justicia para su amiga una y otra vez en las redes sociales, manifestaciones, publicaciones de sus padres y hasta una foto de ambas donde le dice cu\u00e1nto la extra\u00f1aba y recuerda todo lo que hac\u00edan juntas, como ver la serie \u201cGrey\u2019s Anatomy\u201d.<\/p>\n\n\n\n<p>El pasado 20 de noviembre, la Fiscal Ver\u00f3nica Hern\u00e1ndez Giad\u00e1ns se pronunci\u00f3 sobre el caso de Silvia y asegur\u00f3 que la carpeta de investigaci\u00f3n est\u00e1 fortalecida y que el feminicida no saldr\u00eda libre.<\/p>\n\n\n\n<p>Doce d\u00edas despu\u00e9s, Andrea es detenida por la presunta autor\u00eda intelectual de este caso, situaci\u00f3n que sorprende a todos, porque la investigaci\u00f3n da un giro de 180 grados ya que se menciona a un \u201ctestigo protegido\u201d que observ\u00f3 la discusi\u00f3n entre Aldo, Silvia y Andrea, y que afirma haber visto c\u00f3mo Aldo le dispara a Silvia en la cabeza.<\/p>\n\n\n\n<p>Ante esta situaci\u00f3n, la se\u00f1ora Lorena Jara, madre de Andrea, se\u00f1ala que la investigaci\u00f3n tom\u00f3 tintes pol\u00edticos debido a la intervenci\u00f3n de la abogada Isabel Morales, misma que lleva el caso de Silvia Jazm\u00edn. As\u00ed lo da a conocer en la p\u00e1gina de Facebook llamada \u201cAndrea Jara Es Inocente\u201d.<\/p>\n\n\n\n<p>En la misma p\u00e1gina defienden que Andrea Jara es una profesionista, trabajadora, altruista, de gran coraz\u00f3n y con valores. Se\u00f1alan que est\u00e1 siendo afectada por calumnias&nbsp; de personas llenas de maldad y odio, y que no les importa hacer el mal a personas inocentes con tal de obtener su propio beneficio, haciendo referencia a que compraron testigos que falsearon testimonios en contra de su hija, queriendo hacer una historia pasional.<\/p>\n\n\n\n<p>La se\u00f1ora Lorena conf\u00eda en las autoridades, espera honestidad en el proceso, que sea derecho, que se conduzcan con la verdad y conf\u00eda en que si es as\u00ed, su hija saldr\u00e1 porque Andrea es Inocente. Asimismo, exigen justicia para Silvia y para Andrea. Hoy, 8 de diciembre, es la audiencia para Andrea \u00bfSe le vincular\u00e1 a Proceso?<\/p>\n\n\n\n<p>@NumerosRojos_BC<\/p>\n\n\n\n<p><a href=\"mailto:caballero_brenda@hotmail.com\" target=\"_blank\" rel=\"noreferrer noopener\">caballero_brenda@hotmail.com<\/a><\/p>\n","protected":false},"excerpt":{"rendered":"<p>N\u00fameros Rojos Brenda Caballero \u00a1Yo quisiera que la Fiscal del Estado me atendiera, que atendiera el caso de mi hija! Son las palabras de Lorena Jara Fonseca, madre de Andrea N, detenida el pasado 3 de diciembre por la presunta participaci\u00f3n en el feminicidio de Silvia Jazm\u00edn Armend\u00e1riz Alpuche, su mejor amiga. El caso de [&hellip;]<\/p>\n","protected":false},"author":1,"featured_media":70,"comment_status":"open","ping_status":"open","sticky":false,"template":"","format":"standard","meta":{"_jetpack_memberships_contains_paid_content":false,"footnotes":""},"categories":[11],"tags":[],"class_list":["post-8877","post","type-post","status-publish","format-standard","has-post-thumbnail","hentry","category-opinion"],"jetpack_featured_media_url":"https:\/\/encuentroinformativo.com.mx\/wp-content\/uploads\/2020\/02\/opinion-invitado.jpg","jetpack_sharing_enabled":true,"jetpack_likes_enabled":true,"amp_enabled":true,"_links":{"self":[{"href":"https:\/\/encuentroinformativo.com.mx\/index.php?rest_route=\/wp\/v2\/posts\/8877","targetHints":{"allow":["GET"]}}],"collection":[{"href":"https:\/\/encuentroinformativo.com.mx\/index.php?rest_route=\/wp\/v2\/posts"}],"about":[{"href":"https:\/\/encuentroinformativo.com.mx\/index.php?rest_route=\/wp\/v2\/types\/post"}],"author":[{"embeddable":true,"href":"https:\/\/encuentroinformativo.com.mx\/index.php?rest_route=\/wp\/v2\/users\/1"}],"replies":[{"embeddable":true,"href":"https:\/\/encuentroinformativo.com.mx\/index.php?rest_route=%2Fwp%2Fv2%2Fcomments&post=8877"}],"version-history":[{"count":1,"href":"https:\/\/encuentroinformativo.com.mx\/index.php?rest_route=\/wp\/v2\/posts\/8877\/revisions"}],"predecessor-version":[{"id":8878,"href":"https:\/\/encuentroinformativo.com.mx\/index.php?rest_route=\/wp\/v2\/posts\/8877\/revisions\/8878"}],"wp:featuredmedia":[{"embeddable":true,"href":"https:\/\/encuentroinformativo.com.mx\/index.php?rest_route=\/wp\/v2\/media\/70"}],"wp:attachment":[{"href":"https:\/\/encuentroinformativo.com.mx\/index.php?rest_route=%2Fwp%2Fv2%2Fmedia&parent=8877"}],"wp:term":[{"taxonomy":"category","embeddable":true,"href":"https:\/\/encuentroinformativo.com.mx\/index.php?rest_route=%2Fwp%2Fv2%2Fcategories&post=8877"},{"taxonomy":"post_tag","embeddable":true,"href":"https:\/\/encuentroinformativo.com.mx\/index.php?rest_route=%2Fwp%2Fv2%2Ftags&post=8877"}],"curies":[{"name":"wp","href":"https:\/\/api.w.org\/{rel}","templated":true}]}}