{"id":8879,"date":"2020-12-08T09:11:14","date_gmt":"2020-12-08T15:11:14","guid":{"rendered":"https:\/\/encuentroinformativo.com.mx\/?p=8879"},"modified":"2020-12-08T09:11:16","modified_gmt":"2020-12-08T15:11:16","slug":"inseguridad-en-emiliano-zapata","status":"publish","type":"post","link":"https:\/\/encuentroinformativo.com.mx\/?p=8879","title":{"rendered":"Inseguridad en Emiliano Zapata"},"content":{"rendered":"\n<p><strong>Los Pol\u00edticos<\/strong><\/p>\n\n\n\n<p><strong>Salvador Mu\u00f1oz<\/strong><\/p>\n\n\n\n<p>Los 104 polic\u00edas con los que cuenta Emiliano Zapata hacen de cierto modo imposible la tarea de cubrir 416 kil\u00f3metros cuadrados de territorio con los que cuenta este municipio, que si bien es cierto, el 60 por ciento de su espacio es rural, el desarrollo que tiene desde hace m\u00e1s de 10 a\u00f1os, hacen imaginar que en un mismo lapso, se revierta esta dimensi\u00f3n, y entonces, el urbano alcance tal porcentaje.<\/p>\n\n\n\n<p>Esto nos lo cuenta Renato Alarc\u00f3n Guevara, presidente de la Fundaci\u00f3n Colosio Veracruz, quien junto con Emilio Faibre \u00c1lvarez, catedr\u00e1tico de la Universidad Euro Hispanoamericana, invitan al Foro de Seguridad Ciudadana, mejores pr\u00e1cticas hacia una zona metropolitana segura.<\/p>\n\n\n\n<p>Tanto Renato Alarc\u00f3n como Emilio Faibre son vecinos de Emiliano Zapata. Ambos, de un modo u otro, han sido v\u00edctimas de los embates de la delincuencia.<\/p>\n\n\n\n<p>El primero, hace poco, sufri\u00f3 \u201cen carro propio\u201d (ya no en carne propia), la inseguridad que reina en Emiliano Zapata: el robo de su camioneta de trabajo. Sabe que al menos en octubre, la entidad alcanz\u00f3 los siete mil 200 delitos denunciados, lo que lleva a Veracruz ocupar el deshonroso s\u00e9ptimo lugar en incidencia delictiva.<\/p>\n\n\n\n<p>El segundo, cuando lleg\u00f3 a vivir al fraccionamiento de La Pradera, los amantes de lo ajeno allanaron su domicilio\u2026 si bien no fue mucho lo que alcanzaron a llevarse (una pantalla, un perfume, un reloj\u2026), es la sensaci\u00f3n que deja esa invasi\u00f3n a la intimidad.<\/p>\n\n\n\n<p>Renato Alarc\u00f3n complementa (por as\u00ed decirlo) lo expresado por el maestro de \u201cla Euro\u201d (como tambi\u00e9n se le conoce al centro de estudios), diciendo que sabe de que en esa zona residencial, hay cuadras donde todas las casas han sido v\u00edctimas de robo.<\/p>\n\n\n\n<p>\u00bfPor qu\u00e9 enfocarse en Emiliano Zapata el tema de la conversaci\u00f3n, cuando la zona metropolitana de Xalapa suma siete municipios? Lo responde Alarc\u00f3n Guevara as\u00ed: \u201cel polo de desarrollo m\u00e1s importante de esta zona metropolitana es Emiliano Zapata pues ha tenido un crecimiento poblacional muy interesante porque la propia conformaci\u00f3n geogr\u00e1fica, orogr\u00e1fica, la parte m\u00e1s plana, ha permitido un desarrollo habitacional m\u00e1s grande\u201d\u2026 aunque el precio ha sido un poco caro en materia de seguridad y salud\u2026<\/p>\n\n\n\n<p>Si bien ya se ha explicado en los primeros p\u00e1rrafos el asunto de la \u201cseguridad\u201d con algunos ejemplos \u201csuaves\u201d, \u201ctersos\u201d, porque ha habido casos espeluznantes (como el de hace no menos de una semana, donde en Rinconada dejaron en bolsas de pl\u00e1stico, restos humanos) no se puede pasar por alto que precisamente en este lugar, se vive en las tinieblas al caer la noche: 64 luminarias fundidas\u2026 espera Renato Alarc\u00f3n que tras esta publicaci\u00f3n, Rinconada se ilumine, es decir, que se pongan las pilas las autoridades.<\/p>\n\n\n\n<p>En el caso de Salud, es extraordinario que no haya en este municipio una cl\u00ednica de primer nivel. Renato Alarc\u00f3n recuerda que siendo delegado del Issste en Veracruz, uno de sus proyectos era m\u00ednimo, llevar una cl\u00ednica a esa zona residencial que en esos momentos crec\u00eda, como es La Pradera, donde hay muchos afiliados a este instituto, que si acaso requieren de atenci\u00f3n m\u00e9dica, un Consultorio de Atenci\u00f3n Familiar no lo tienen cerca, y eso, por poner un ejemplo en un punto donde el desarrollo est\u00e1 dado. Pero ya no le alcanz\u00f3 el tiempo para hacerlo&#8230;<\/p>\n\n\n\n<p>Por eso y por mucho m\u00e1s, es que la Fundaci\u00f3n Colosio y la Universidad Hispanoamericana convocan a este Foro de Seguridad Ciudadana, cuyo objetivo es hacer una zona metropolitana segura a partir de las propuestas que surjan este viernes 11 de diciembre en el auditorio de este centro de estudios, que por cierto, su campus est\u00e1 en Emiliano Zapata.<\/p>\n\n\n\n<p><a href=\"mailto:smcainito@gmail.com\" target=\"_blank\" rel=\"noreferrer noopener\">smcainito@gmail.com<\/a><\/p>\n","protected":false},"excerpt":{"rendered":"<p>Los Pol\u00edticos Salvador Mu\u00f1oz Los 104 polic\u00edas con los que cuenta Emiliano Zapata hacen de cierto modo imposible la tarea de cubrir 416 kil\u00f3metros cuadrados de territorio con los que cuenta este municipio, que si bien es cierto, el 60 por ciento de su espacio es rural, el desarrollo que tiene desde hace m\u00e1s de [&hellip;]<\/p>\n","protected":false},"author":1,"featured_media":70,"comment_status":"open","ping_status":"open","sticky":false,"template":"","format":"standard","meta":{"_jetpack_memberships_contains_paid_content":false,"footnotes":""},"categories":[11],"tags":[],"class_list":["post-8879","post","type-post","status-publish","format-standard","has-post-thumbnail","hentry","category-opinion"],"jetpack_featured_media_url":"https:\/\/encuentroinformativo.com.mx\/wp-content\/uploads\/2020\/02\/opinion-invitado.jpg","jetpack_sharing_enabled":true,"jetpack_likes_enabled":true,"amp_enabled":true,"_links":{"self":[{"href":"https:\/\/encuentroinformativo.com.mx\/index.php?rest_route=\/wp\/v2\/posts\/8879","targetHints":{"allow":["GET"]}}],"collection":[{"href":"https:\/\/encuentroinformativo.com.mx\/index.php?rest_route=\/wp\/v2\/posts"}],"about":[{"href":"https:\/\/encuentroinformativo.com.mx\/index.php?rest_route=\/wp\/v2\/types\/post"}],"author":[{"embeddable":true,"href":"https:\/\/encuentroinformativo.com.mx\/index.php?rest_route=\/wp\/v2\/users\/1"}],"replies":[{"embeddable":true,"href":"https:\/\/encuentroinformativo.com.mx\/index.php?rest_route=%2Fwp%2Fv2%2Fcomments&post=8879"}],"version-history":[{"count":1,"href":"https:\/\/encuentroinformativo.com.mx\/index.php?rest_route=\/wp\/v2\/posts\/8879\/revisions"}],"predecessor-version":[{"id":8880,"href":"https:\/\/encuentroinformativo.com.mx\/index.php?rest_route=\/wp\/v2\/posts\/8879\/revisions\/8880"}],"wp:featuredmedia":[{"embeddable":true,"href":"https:\/\/encuentroinformativo.com.mx\/index.php?rest_route=\/wp\/v2\/media\/70"}],"wp:attachment":[{"href":"https:\/\/encuentroinformativo.com.mx\/index.php?rest_route=%2Fwp%2Fv2%2Fmedia&parent=8879"}],"wp:term":[{"taxonomy":"category","embeddable":true,"href":"https:\/\/encuentroinformativo.com.mx\/index.php?rest_route=%2Fwp%2Fv2%2Fcategories&post=8879"},{"taxonomy":"post_tag","embeddable":true,"href":"https:\/\/encuentroinformativo.com.mx\/index.php?rest_route=%2Fwp%2Fv2%2Ftags&post=8879"}],"curies":[{"name":"wp","href":"https:\/\/api.w.org\/{rel}","templated":true}]}}