{"id":8881,"date":"2020-12-08T12:34:19","date_gmt":"2020-12-08T18:34:19","guid":{"rendered":"https:\/\/encuentroinformativo.com.mx\/?p=8881"},"modified":"2020-12-08T12:34:22","modified_gmt":"2020-12-08T18:34:22","slug":"celebra-pt-semaforo-verde-en-veracruz","status":"publish","type":"post","link":"https:\/\/encuentroinformativo.com.mx\/?p=8881","title":{"rendered":"Celebra PT sem\u00e1foro verde en Veracruz"},"content":{"rendered":"\n<p><strong>Redacci\u00f3n<\/strong> <\/p>\n\n\n\n<p>Xalapa, Ver.- Vicente Aguilar Aguilar coordinador de la comisi\u00f3n ejecutiva estatal del Partido del Trabajo (PT) celebr\u00f3 que la entidad se encuentre en sem\u00e1foro verde ante la pandemia por Covid. <\/p>\n\n\n\n<p>En conferencia de prensa, el representante  partidista consider\u00f3 que ello es gracias a la coordinaci\u00f3n que ha prevalecido entre autoridades y sociedad. <\/p>\n\n\n\n<p>\u201cDebemos reconocer la enorme participaci\u00f3n de la sociedad para que Veracruz hoy se encuentre en sem\u00e1foro verde ante la epidemia que estamos viviendo. Es justo reconocer al mismo tiempo, el esfuerzo del gobernador,\u00a0Cuitl\u00e1huac Garc\u00eda Jim\u00e9nez,\u00a0y del sector salud por brindar la informaci\u00f3n oportuna a la ciudadan\u00eda y que permite hoy en d\u00eda el poder estar en esta etapa\u201d.<\/p>\n\n\n\n<p> Lo anterior demuestra que cuando existe la coordinaci\u00f3nentre gobernantes y ciudadan\u00eda\u00a0podemos avanzar positivamente en la obtenci\u00f3n de resultados satisfactorios para todos, enfatiz\u00f3.<\/p>\n\n\n\n<p>Sin embargo, a pesar del anuncio Aguilar Aguilar reiter\u00f3 el llamado a la poblaci\u00f3n en general para \u201cno bajar la guardia\u201d ante los cuidados de prevenci\u00f3n que deben mantenerse para evitar la propagaci\u00f3n de casos de Covid. <br><\/p>\n\n\n\n<p><\/p>\n","protected":false},"excerpt":{"rendered":"<p>Redacci\u00f3n Xalapa, Ver.- Vicente Aguilar Aguilar coordinador de la comisi\u00f3n ejecutiva estatal del Partido del Trabajo (PT) celebr\u00f3 que la entidad se encuentre en sem\u00e1foro verde ante la pandemia por Covid. En conferencia de prensa, el representante partidista consider\u00f3 que ello es gracias a la coordinaci\u00f3n que ha prevalecido entre autoridades y sociedad. \u201cDebemos reconocer [&hellip;]<\/p>\n","protected":false},"author":1,"featured_media":8882,"comment_status":"open","ping_status":"open","sticky":false,"template":"","format":"standard","meta":{"_jetpack_memberships_contains_paid_content":false,"footnotes":""},"categories":[2],"tags":[],"class_list":["post-8881","post","type-post","status-publish","format-standard","has-post-thumbnail","hentry","category-estado"],"jetpack_featured_media_url":"https:\/\/encuentroinformativo.com.mx\/wp-content\/uploads\/2020\/12\/AA04EB60-0ACD-48D6-B314-3A6BE95CBB36.jpeg","jetpack_sharing_enabled":true,"jetpack_likes_enabled":true,"amp_enabled":true,"_links":{"self":[{"href":"https:\/\/encuentroinformativo.com.mx\/index.php?rest_route=\/wp\/v2\/posts\/8881","targetHints":{"allow":["GET"]}}],"collection":[{"href":"https:\/\/encuentroinformativo.com.mx\/index.php?rest_route=\/wp\/v2\/posts"}],"about":[{"href":"https:\/\/encuentroinformativo.com.mx\/index.php?rest_route=\/wp\/v2\/types\/post"}],"author":[{"embeddable":true,"href":"https:\/\/encuentroinformativo.com.mx\/index.php?rest_route=\/wp\/v2\/users\/1"}],"replies":[{"embeddable":true,"href":"https:\/\/encuentroinformativo.com.mx\/index.php?rest_route=%2Fwp%2Fv2%2Fcomments&post=8881"}],"version-history":[{"count":1,"href":"https:\/\/encuentroinformativo.com.mx\/index.php?rest_route=\/wp\/v2\/posts\/8881\/revisions"}],"predecessor-version":[{"id":8883,"href":"https:\/\/encuentroinformativo.com.mx\/index.php?rest_route=\/wp\/v2\/posts\/8881\/revisions\/8883"}],"wp:featuredmedia":[{"embeddable":true,"href":"https:\/\/encuentroinformativo.com.mx\/index.php?rest_route=\/wp\/v2\/media\/8882"}],"wp:attachment":[{"href":"https:\/\/encuentroinformativo.com.mx\/index.php?rest_route=%2Fwp%2Fv2%2Fmedia&parent=8881"}],"wp:term":[{"taxonomy":"category","embeddable":true,"href":"https:\/\/encuentroinformativo.com.mx\/index.php?rest_route=%2Fwp%2Fv2%2Fcategories&post=8881"},{"taxonomy":"post_tag","embeddable":true,"href":"https:\/\/encuentroinformativo.com.mx\/index.php?rest_route=%2Fwp%2Fv2%2Ftags&post=8881"}],"curies":[{"name":"wp","href":"https:\/\/api.w.org\/{rel}","templated":true}]}}