{"id":8884,"date":"2020-12-08T13:23:06","date_gmt":"2020-12-08T19:23:06","guid":{"rendered":"https:\/\/encuentroinformativo.com.mx\/?p=8884"},"modified":"2020-12-08T13:23:28","modified_gmt":"2020-12-08T19:23:28","slug":"buscan-terreno-para-cuartel-de-gn-en-coatepec","status":"publish","type":"post","link":"https:\/\/encuentroinformativo.com.mx\/?p=8884","title":{"rendered":"Buscan terreno para cuartel de GN en Coatepec"},"content":{"rendered":"\n<p><strong>Juan Arcos <\/strong><\/p>\n\n\n\n<p>Coatepec, Ver.- El presidente municipal de Coatepec, Luis Enrique Fern\u00e1ndez Peredo, revel\u00f3 que se ha iniciado la b\u00fasqueda de un terreno particular para la construcci\u00f3n de un cuartel de la Guardia Nacional (GN) en el Pueblo M\u00e1gico.<\/p>\n\n\n\n<p>El edil record\u00f3 que se pretend\u00eda donar un espacio que fuera propiedad del ayuntamiento; sin embargo, ninguno cumple con las caracter\u00edsticas solicitadas por la Secretar\u00eda de la Defensa Nacional (Sedena) y la Guardia Nacional.<\/p>\n\n\n\n<p>\u201cNos dimos a la tarea de buscar terrenos de propiedad particular, en este momento se encuentran en an\u00e1lisis por parte de la Sedena y quienes tengan su dictamen de que es factible poder establecer all\u00ed el cuartel, ya veremos, en una coparticipaci\u00f3n entre gobierno del Estado y municipio, poder adquirir ese terreno para donarlo a la Guardia Nacional y que puedan construir este cuartel\u201d.<\/p>\n\n\n\n<p>Record\u00f3 que las corporaciones federales plantean diversos requisitos como la accesibilidad al terreno donde ser\u00e1 construida la comandancia, los servicios b\u00e1sicos, la conectividad y sobre todo que la zona sea estrat\u00e9gica para poder atender las demandas de seguridad en la zona.<\/p>\n\n\n\n<p>Fern\u00e1ndez Peredo detall\u00f3 que se requiere un terreno de dos hect\u00e1reas para llevar a cabo la obra correspondiente, pero dijo desconocer el costo para la compra del mismo.<\/p>\n\n\n\n<p>\u201cLos precios var\u00edan dependiendo de que sea ejido, propiedad o alg\u00fan lugar cercano o un lugar retirado, por lo tanto, no hay un monto como tal\u201d.<\/p>\n\n\n\n<p>El Alcalde presumi\u00f3 que, de acuerdo con datos del Secretariado Ejecutivo del Sistema Nacional de Seguridad P\u00fablica (SESNSP) la incidencia delictiva ha disminuido 53 por ciento en Coatepec, de 2017 a la fecha.<\/p>\n\n\n\n<p>No obstante, admiti\u00f3 que se han presentado hechos violentos de manera \u201caislada\u201d, por lo que ha permanecido una percepci\u00f3n de seguridad negativa en el Pueblo M\u00e1gico.<\/p>\n","protected":false},"excerpt":{"rendered":"<p>Juan Arcos Coatepec, Ver.- El presidente municipal de Coatepec, Luis Enrique Fern\u00e1ndez Peredo, revel\u00f3 que se ha iniciado la b\u00fasqueda de un terreno particular para la construcci\u00f3n de un cuartel de la Guardia Nacional (GN) en el Pueblo M\u00e1gico. El edil record\u00f3 que se pretend\u00eda donar un espacio que fuera propiedad del ayuntamiento; sin embargo, [&hellip;]<\/p>\n","protected":false},"author":1,"featured_media":8885,"comment_status":"open","ping_status":"open","sticky":false,"template":"","format":"standard","meta":{"_jetpack_memberships_contains_paid_content":false,"footnotes":""},"categories":[8],"tags":[],"class_list":["post-8884","post","type-post","status-publish","format-standard","has-post-thumbnail","hentry","category-region"],"jetpack_featured_media_url":"https:\/\/encuentroinformativo.com.mx\/wp-content\/uploads\/2020\/12\/5FFC6D13-10D3-4A41-8411-1019F6C9BDE5.jpeg","jetpack_sharing_enabled":true,"jetpack_likes_enabled":true,"amp_enabled":true,"_links":{"self":[{"href":"https:\/\/encuentroinformativo.com.mx\/index.php?rest_route=\/wp\/v2\/posts\/8884","targetHints":{"allow":["GET"]}}],"collection":[{"href":"https:\/\/encuentroinformativo.com.mx\/index.php?rest_route=\/wp\/v2\/posts"}],"about":[{"href":"https:\/\/encuentroinformativo.com.mx\/index.php?rest_route=\/wp\/v2\/types\/post"}],"author":[{"embeddable":true,"href":"https:\/\/encuentroinformativo.com.mx\/index.php?rest_route=\/wp\/v2\/users\/1"}],"replies":[{"embeddable":true,"href":"https:\/\/encuentroinformativo.com.mx\/index.php?rest_route=%2Fwp%2Fv2%2Fcomments&post=8884"}],"version-history":[{"count":1,"href":"https:\/\/encuentroinformativo.com.mx\/index.php?rest_route=\/wp\/v2\/posts\/8884\/revisions"}],"predecessor-version":[{"id":8886,"href":"https:\/\/encuentroinformativo.com.mx\/index.php?rest_route=\/wp\/v2\/posts\/8884\/revisions\/8886"}],"wp:featuredmedia":[{"embeddable":true,"href":"https:\/\/encuentroinformativo.com.mx\/index.php?rest_route=\/wp\/v2\/media\/8885"}],"wp:attachment":[{"href":"https:\/\/encuentroinformativo.com.mx\/index.php?rest_route=%2Fwp%2Fv2%2Fmedia&parent=8884"}],"wp:term":[{"taxonomy":"category","embeddable":true,"href":"https:\/\/encuentroinformativo.com.mx\/index.php?rest_route=%2Fwp%2Fv2%2Fcategories&post=8884"},{"taxonomy":"post_tag","embeddable":true,"href":"https:\/\/encuentroinformativo.com.mx\/index.php?rest_route=%2Fwp%2Fv2%2Ftags&post=8884"}],"curies":[{"name":"wp","href":"https:\/\/api.w.org\/{rel}","templated":true}]}}