{"id":8887,"date":"2020-12-08T13:42:33","date_gmt":"2020-12-08T19:42:33","guid":{"rendered":"https:\/\/encuentroinformativo.com.mx\/?p=8887"},"modified":"2020-12-08T13:42:35","modified_gmt":"2020-12-08T19:42:35","slug":"panistas-aprobaron-contender-en-alianzas","status":"publish","type":"post","link":"https:\/\/encuentroinformativo.com.mx\/?p=8887","title":{"rendered":"Panistas aprobaron contender en alianzas"},"content":{"rendered":"\n<p><strong>Dar\u00edo Pale <\/strong><\/p>\n\n\n\n<p>Xalapa, Ver.- El pasado fin de semana se acord\u00f3 en sesi\u00f3n del consejo nacional del Partido Acci\u00f3n Nacional (PAN), aprobaron por mayor\u00eda el que ir\u00e1n en alianza con otros institutos pol\u00edticos excepto con Morena de ah\u00ed puede ser cualquier otro partido, esto ser\u00eda para las diputaciones, as\u00ed lo dio a conocer el\u00a0coordinador del grupo legislativo del PAN en el Congreso del Estado, Omar Miranda Romero.<\/p>\n\n\n\n<p>Entrevistado en conocido caf\u00e9 del parque Ju\u00e1rez precis\u00f3 que\u00a0la alianza con los partidos Revolucionario Institucional (PRI) y de la Revoluci\u00f3n Democr\u00e1tica (PRD) sigue en pl\u00e1ticas a nivel local para definir qui\u00e9n encabezar\u00e1 las candidaturas a diputaciones locales y las presidencias municipales, en los estados de Tamaulipas y Morelos no se aria alianza en las federales.<\/p>\n\n\n\n<p>Dio a conocer que en el \u00e1mbito local se tratar\u00e1 de una alianza parcial o flexible, que en el caso de las diputaciones locales como en las presidencias municipales ser\u00eda del 25 por ciento de ayuntamientos, es decir, 54 y depender\u00e1 de los municipios que definan los dirigentes de los partidos pol\u00edticos y de la paridad de g\u00e9nero.<\/p>\n\n\n\n<p>\u201cSe tiene hasta el 25 de diciembre para que se presente ante el OPLE la intenci\u00f3n de poder tener una alianza de\u00a0los partidos pol\u00edticos esa me parece que es la fecha l\u00edmite&#8221;, se\u00f1al\u00f3.<\/p>\n\n\n\n<p>En el caso de la consulta a los militantes en la entidad, dijo que se aprob\u00f3 por &#8220;amplia mayor\u00eda&#8221; en todo el estado, estos datos los dar\u00e1n a conocer los presidentes de cada partido pol\u00edtico pero hay una gran aceptaci\u00f3n de la militancia.<\/p>\n\n\n\n<p>En cuanto a las comparecencias se\u00f1al\u00f3 que de nueva cuenta solo fue una pasarela de los secretarios ya que son muy pocos resultados,ya que presentaron muchos n\u00fameros pero nada en la realidad sobre todo en seguridad y de salud porque los datos que presentaron no reflejan la realidad de lo que pasa en Veracruz.<\/p>\n\n\n\n<p>Finalmente dio a conocer que Veracruz fue uno de los estados con m\u00e1s contagios y m\u00e1s muertos que tienen que ver con el sector salud, ya que est\u00e1 en uno de los cuatros primeros lugares por lo que todo lo que presumieron no existe en la vida real pareciera que est\u00e1n en un universo paralelo fuera de la realidad.\u00a0<\/p>\n","protected":false},"excerpt":{"rendered":"<p>Dar\u00edo Pale Xalapa, Ver.- El pasado fin de semana se acord\u00f3 en sesi\u00f3n del consejo nacional del Partido Acci\u00f3n Nacional (PAN), aprobaron por mayor\u00eda el que ir\u00e1n en alianza con otros institutos pol\u00edticos excepto con Morena de ah\u00ed puede ser cualquier otro partido, esto ser\u00eda para las diputaciones, as\u00ed lo dio a conocer el\u00a0coordinador del [&hellip;]<\/p>\n","protected":false},"author":1,"featured_media":8888,"comment_status":"open","ping_status":"open","sticky":false,"template":"","format":"standard","meta":{"_jetpack_memberships_contains_paid_content":false,"footnotes":""},"categories":[3],"tags":[],"class_list":["post-8887","post","type-post","status-publish","format-standard","has-post-thumbnail","hentry","category-xalapa"],"jetpack_featured_media_url":"https:\/\/encuentroinformativo.com.mx\/wp-content\/uploads\/2020\/12\/986BDB7B-9918-4217-8E78-29F7ABA7508B.jpeg","jetpack_sharing_enabled":true,"jetpack_likes_enabled":true,"amp_enabled":true,"_links":{"self":[{"href":"https:\/\/encuentroinformativo.com.mx\/index.php?rest_route=\/wp\/v2\/posts\/8887","targetHints":{"allow":["GET"]}}],"collection":[{"href":"https:\/\/encuentroinformativo.com.mx\/index.php?rest_route=\/wp\/v2\/posts"}],"about":[{"href":"https:\/\/encuentroinformativo.com.mx\/index.php?rest_route=\/wp\/v2\/types\/post"}],"author":[{"embeddable":true,"href":"https:\/\/encuentroinformativo.com.mx\/index.php?rest_route=\/wp\/v2\/users\/1"}],"replies":[{"embeddable":true,"href":"https:\/\/encuentroinformativo.com.mx\/index.php?rest_route=%2Fwp%2Fv2%2Fcomments&post=8887"}],"version-history":[{"count":1,"href":"https:\/\/encuentroinformativo.com.mx\/index.php?rest_route=\/wp\/v2\/posts\/8887\/revisions"}],"predecessor-version":[{"id":8889,"href":"https:\/\/encuentroinformativo.com.mx\/index.php?rest_route=\/wp\/v2\/posts\/8887\/revisions\/8889"}],"wp:featuredmedia":[{"embeddable":true,"href":"https:\/\/encuentroinformativo.com.mx\/index.php?rest_route=\/wp\/v2\/media\/8888"}],"wp:attachment":[{"href":"https:\/\/encuentroinformativo.com.mx\/index.php?rest_route=%2Fwp%2Fv2%2Fmedia&parent=8887"}],"wp:term":[{"taxonomy":"category","embeddable":true,"href":"https:\/\/encuentroinformativo.com.mx\/index.php?rest_route=%2Fwp%2Fv2%2Fcategories&post=8887"},{"taxonomy":"post_tag","embeddable":true,"href":"https:\/\/encuentroinformativo.com.mx\/index.php?rest_route=%2Fwp%2Fv2%2Ftags&post=8887"}],"curies":[{"name":"wp","href":"https:\/\/api.w.org\/{rel}","templated":true}]}}