{"id":8896,"date":"2020-12-08T14:30:26","date_gmt":"2020-12-08T20:30:26","guid":{"rendered":"https:\/\/encuentroinformativo.com.mx\/?p=8896"},"modified":"2020-12-08T14:30:28","modified_gmt":"2020-12-08T20:30:28","slug":"albergue-de-las-patronas-continua-dando-atencion-a-migrantes","status":"publish","type":"post","link":"https:\/\/encuentroinformativo.com.mx\/?p=8896","title":{"rendered":"Albergue de Las Patronas contin\u00faa dando atenci\u00f3n a migrantes"},"content":{"rendered":"\n<p><strong>Juan Arcos <\/strong><\/p>\n\n\n\n<p>Xalapa, Ver.- \u201cLas Patronas\u201d decidieron no cerrar su albergue en el municipio de Amatl\u00e1n de los Reyes para seguir recibiendo a migrantes centroamericanos y brindarles comida y alojamiento, durante la pandemia del SARS-COV-2 (COVID-19).<\/p>\n\n\n\n<p>De acuerdo con Norma Romero V\u00e1zquez, coordinadora del grupo mencionado, habilitaron la capilla que se encuentra junto a su albergue, para atender a los extranjeros provenientes de pa\u00edses como Guatemala, Honduras y El Salvador.<\/p>\n\n\n\n<p>La entrevistada indic\u00f3 que se han aplicado las medidas sanitarias, como tomar la temperatura, proporcionar gel antibacterial y garantizar la sana distancia entre los refugiados.<\/p>\n\n\n\n<p>\u201cEn la cl\u00ednica del pueblo ya nos hab\u00edamos informado sobre las medidas que deb\u00edamos tomar en caso de que se presentara alg\u00fan caso con s\u00edntomas de COVID-19\u201d.<\/p>\n\n\n\n<p>Neg\u00f3 que se detectaran casos sospechosos en el albergue, administrado por 12 mujeres que integran el grupo de \u201cLas Patronas\u201d, desde hace 25 a\u00f1os.<\/p>\n\n\n\n<p>\u201cTe puedo decir que ninguno de los migrantes que han llegado a nuestro albergue ha presentado alg\u00fan s\u00edntoma y nosotros hemos estado muy bien\u201d.<\/p>\n\n\n\n<p>A\u00f1adi\u00f3 que aunque los pa\u00edses hayan cerrado sus fronteras por la contingencia sanitaria, la gente busc\u00f3 espacios para cruzar y sigui\u00f3 llegando a Amatl\u00e1n de los Reyes en el tren conocido como \u201cLa Bestia\u201d.<\/p>\n\n\n\n<p>\u201cNosotros no cerramos nuestro albergue porque nos pusimos a pensar: si todos cerramos c\u00f3mo nos vamos a dar cuenta de qui\u00e9n viene enfermo y qui\u00e9n necesite la ayuda\u201d.<\/p>\n\n\n\n<p>Romero V\u00e1zquez record\u00f3 que este a\u00f1o s\u00f3lo recibieron a poco m\u00e1s de 95 migrantes en el albergue, cuando en 2019 se brind\u00f3 atenci\u00f3n a m\u00e1s de 300.<\/p>\n\n\n\n<p>Cabe mencionar que el grupo de \u201cLas Patronas\u201d fue nominado para recibir la medalla \u201cBelisario Dom\u00ednguez\u201d; se trata del reconocimiento m\u00e1s importante que entrega el Senado de la Rep\u00fablica.<\/p>\n\n\n\n<p><strong>Foto:<\/strong> Redes Sociales <\/p>\n","protected":false},"excerpt":{"rendered":"<p>Juan Arcos Xalapa, Ver.- \u201cLas Patronas\u201d decidieron no cerrar su albergue en el municipio de Amatl\u00e1n de los Reyes para seguir recibiendo a migrantes centroamericanos y brindarles comida y alojamiento, durante la pandemia del SARS-COV-2 (COVID-19). De acuerdo con Norma Romero V\u00e1zquez, coordinadora del grupo mencionado, habilitaron la capilla que se encuentra junto a su [&hellip;]<\/p>\n","protected":false},"author":1,"featured_media":8897,"comment_status":"open","ping_status":"open","sticky":false,"template":"","format":"standard","meta":{"_jetpack_memberships_contains_paid_content":false,"footnotes":""},"categories":[2],"tags":[],"class_list":["post-8896","post","type-post","status-publish","format-standard","has-post-thumbnail","hentry","category-estado"],"jetpack_featured_media_url":"https:\/\/encuentroinformativo.com.mx\/wp-content\/uploads\/2020\/12\/0EA7B7EB-CCA8-4EC4-9FD7-A0158830E7D5.jpeg","jetpack_sharing_enabled":true,"jetpack_likes_enabled":true,"amp_enabled":true,"_links":{"self":[{"href":"https:\/\/encuentroinformativo.com.mx\/index.php?rest_route=\/wp\/v2\/posts\/8896","targetHints":{"allow":["GET"]}}],"collection":[{"href":"https:\/\/encuentroinformativo.com.mx\/index.php?rest_route=\/wp\/v2\/posts"}],"about":[{"href":"https:\/\/encuentroinformativo.com.mx\/index.php?rest_route=\/wp\/v2\/types\/post"}],"author":[{"embeddable":true,"href":"https:\/\/encuentroinformativo.com.mx\/index.php?rest_route=\/wp\/v2\/users\/1"}],"replies":[{"embeddable":true,"href":"https:\/\/encuentroinformativo.com.mx\/index.php?rest_route=%2Fwp%2Fv2%2Fcomments&post=8896"}],"version-history":[{"count":1,"href":"https:\/\/encuentroinformativo.com.mx\/index.php?rest_route=\/wp\/v2\/posts\/8896\/revisions"}],"predecessor-version":[{"id":8898,"href":"https:\/\/encuentroinformativo.com.mx\/index.php?rest_route=\/wp\/v2\/posts\/8896\/revisions\/8898"}],"wp:featuredmedia":[{"embeddable":true,"href":"https:\/\/encuentroinformativo.com.mx\/index.php?rest_route=\/wp\/v2\/media\/8897"}],"wp:attachment":[{"href":"https:\/\/encuentroinformativo.com.mx\/index.php?rest_route=%2Fwp%2Fv2%2Fmedia&parent=8896"}],"wp:term":[{"taxonomy":"category","embeddable":true,"href":"https:\/\/encuentroinformativo.com.mx\/index.php?rest_route=%2Fwp%2Fv2%2Fcategories&post=8896"},{"taxonomy":"post_tag","embeddable":true,"href":"https:\/\/encuentroinformativo.com.mx\/index.php?rest_route=%2Fwp%2Fv2%2Ftags&post=8896"}],"curies":[{"name":"wp","href":"https:\/\/api.w.org\/{rel}","templated":true}]}}