{"id":8905,"date":"2020-12-08T13:08:03","date_gmt":"2020-12-08T19:08:03","guid":{"rendered":"https:\/\/encuentroinformativo.com.mx\/?p=8905"},"modified":"2020-12-08T16:10:41","modified_gmt":"2020-12-08T22:10:41","slug":"por-sismo-desalojaron-oficinas-en-xalapa","status":"publish","type":"post","link":"https:\/\/encuentroinformativo.com.mx\/?p=8905","title":{"rendered":"Por sismo, desalojaron oficinas en Xalapa"},"content":{"rendered":"\n<p><strong>Dar\u00edo Pale <\/strong><\/p>\n\n\n\n<p>Xalapa, Ver.- Debido a que se\u00a0registr\u00f3 un temblor a las 11.56 en Salina Cruz Oaxaca, gener\u00f3 que se activaran las alertas a pesar de que el movimiento no se logr\u00f3 percibir, ya que el temblor fue de 5.7 grados en la escala de Richter\u00a0en Oaxaca, por lo que desalojan oficinas en Xalapa.<\/p>\n\n\n\n<p>Trabajadores de oficinas gubernamentales fueron desalojados, luego de que se registr\u00f3 el temblor, donde el\u00a0reporte de la Secretar\u00eda de Protecci\u00f3n Civil es que el sismo impact\u00f3 con leve movimiento en los municipios de Xalapa, Soteapan, Mecayapan, Tatahuicapan de Ju\u00e1rez, Ixhuatl\u00e1n del Sureste y Pajapan.<\/p>\n\n\n\n<p>Por lo anterior, se orden\u00f3 evacuar oficinas gubernamentales como la Torre Olmo, as\u00ed como la Torre de SSP, palacio de gobierno pero en el palacio municipal no se registr\u00f3 ning\u00fan movimiento.<\/p>\n\n\n\n<p>Finalmente el reporte de PC municipal se\u00f1ala que el &#8220;Sismo a las 11:56 de 5.7 grados, se activan protocolos de evacuaci\u00f3n en algunos centros p\u00fablicos como Palacio de Gobierno, Torre de SSP, y nos encontramos realizado los recorridos en los inmuebles considerados estrat\u00e9gicos Hospitales, Edificios de m\u00e1s\u00a0 Altura, Plantas de CFE e infraestructura Hidr\u00e1ulica de la Ciudad, hasta el momento sin novedad ni da\u00f1os que reportar\u201d.<\/p>\n","protected":false},"excerpt":{"rendered":"<p>Dar\u00edo Pale Xalapa, Ver.- Debido a que se\u00a0registr\u00f3 un temblor a las 11.56 en Salina Cruz Oaxaca, gener\u00f3 que se activaran las alertas a pesar de que el movimiento no se logr\u00f3 percibir, ya que el temblor fue de 5.7 grados en la escala de Richter\u00a0en Oaxaca, por lo que desalojan oficinas en Xalapa. Trabajadores [&hellip;]<\/p>\n","protected":false},"author":1,"featured_media":8906,"comment_status":"open","ping_status":"open","sticky":false,"template":"","format":"standard","meta":{"_jetpack_memberships_contains_paid_content":false,"footnotes":""},"categories":[3],"tags":[],"class_list":["post-8905","post","type-post","status-publish","format-standard","has-post-thumbnail","hentry","category-xalapa"],"jetpack_featured_media_url":"https:\/\/encuentroinformativo.com.mx\/wp-content\/uploads\/2020\/12\/FD64E5C7-A4C7-4E7E-AE51-9A5822BA3ACA.jpeg","jetpack_sharing_enabled":true,"jetpack_likes_enabled":true,"amp_enabled":true,"_links":{"self":[{"href":"https:\/\/encuentroinformativo.com.mx\/index.php?rest_route=\/wp\/v2\/posts\/8905","targetHints":{"allow":["GET"]}}],"collection":[{"href":"https:\/\/encuentroinformativo.com.mx\/index.php?rest_route=\/wp\/v2\/posts"}],"about":[{"href":"https:\/\/encuentroinformativo.com.mx\/index.php?rest_route=\/wp\/v2\/types\/post"}],"author":[{"embeddable":true,"href":"https:\/\/encuentroinformativo.com.mx\/index.php?rest_route=\/wp\/v2\/users\/1"}],"replies":[{"embeddable":true,"href":"https:\/\/encuentroinformativo.com.mx\/index.php?rest_route=%2Fwp%2Fv2%2Fcomments&post=8905"}],"version-history":[{"count":1,"href":"https:\/\/encuentroinformativo.com.mx\/index.php?rest_route=\/wp\/v2\/posts\/8905\/revisions"}],"predecessor-version":[{"id":8907,"href":"https:\/\/encuentroinformativo.com.mx\/index.php?rest_route=\/wp\/v2\/posts\/8905\/revisions\/8907"}],"wp:featuredmedia":[{"embeddable":true,"href":"https:\/\/encuentroinformativo.com.mx\/index.php?rest_route=\/wp\/v2\/media\/8906"}],"wp:attachment":[{"href":"https:\/\/encuentroinformativo.com.mx\/index.php?rest_route=%2Fwp%2Fv2%2Fmedia&parent=8905"}],"wp:term":[{"taxonomy":"category","embeddable":true,"href":"https:\/\/encuentroinformativo.com.mx\/index.php?rest_route=%2Fwp%2Fv2%2Fcategories&post=8905"},{"taxonomy":"post_tag","embeddable":true,"href":"https:\/\/encuentroinformativo.com.mx\/index.php?rest_route=%2Fwp%2Fv2%2Ftags&post=8905"}],"curies":[{"name":"wp","href":"https:\/\/api.w.org\/{rel}","templated":true}]}}