{"id":8908,"date":"2020-12-08T16:31:11","date_gmt":"2020-12-08T22:31:11","guid":{"rendered":"https:\/\/encuentroinformativo.com.mx\/?p=8908"},"modified":"2020-12-08T16:31:15","modified_gmt":"2020-12-08T22:31:15","slug":"recortan-presupuesto-a-deporte-en-veracruz","status":"publish","type":"post","link":"https:\/\/encuentroinformativo.com.mx\/?p=8908","title":{"rendered":"Recortan presupuesto a deporte en Veracruz"},"content":{"rendered":"\n<p><strong>Alejandro \u00c1vila<\/strong><\/p>\n\n\n\n<p>Boca del R\u00edo, Ver.- Tal parece que el deporte en Veracruz no es prioridad pues el Gobierno del Estado a trav\u00e9s de la Secretar\u00eda de Finanzas envi\u00f3 una propuesta de presupuesto para que sea ejecutado en 2021 por el Instituto Veracruzano del Deporte, evidentemente mucho menor a la obtenida el a\u00f1o pasado.<\/p>\n\n\n\n<p>La diputada local, Elizabeth Cervantes de la Cruz quien preside la comisi\u00f3n de Deporte y Juventud, asegur\u00f3 que ser\u00e1 antes del 17 de diciembre de este a\u00f1o cuando debe quedar aprobado el presupuesto general que se ejercer\u00e1 en Veracruz para diferentes rubros en 2021.<\/p>\n\n\n\n<p>\u201cLa secretar\u00eda de Finanzas nos envi\u00f3 un presupuesto, una propuesta de presupuesto de 85 millones de pesos, es menor al del a\u00f1o pasado (\u2026) 5 millones al parecer hasta ahorita, el a\u00f1o pasado me parece fueron 90\u201d, apunt\u00f3.<\/p>\n\n\n\n<p>Cabe se\u00f1alar que durante el primer a\u00f1o de Miguel \u00c1ngel Yunes Linares como gobernador del Estado en 2017, al Instituto Veracruzano del Deporte le fueron entregados poco m\u00e1s de 200 millones de pesos para su operaci\u00f3n, apoyo a atletas en campamentos, fomento deportivo y organizaci\u00f3n de eventos.<\/p>\n\n\n\n<p>En el primer a\u00f1o del gobierno de Cuitl\u00e1huac Garc\u00eda Jim\u00e9nez, se otorgaron al Instituto Veracruzano del Deporte poco m\u00e1s de 100 millones de pesos, para el segundo a\u00f1o se redujeron a 91 millones de pesos y para este tercer a\u00f1o se busca volver a quitarle dinero a los deportistas veracruzanos dej\u00e1ndolos con solo 85 millones de pesos para apoyos.<\/p>\n\n\n\n<p>A pesar de todo, la Secretar\u00eda de Educaci\u00f3n de Veracruz (SEV), a trav\u00e9s de su titular Zenyazen Escobar Garc\u00eda, no han aclarado en que se gast\u00f3 el presupuesto del 2020 el Instituto Veracruzano del Deporte, puesto que en este a\u00f1o por pandemia de COVID-19 se suspendieron las olimpiadas estatales y campamentos nacionales e internacionales de atletas veracruzanos de elite.<\/p>\n","protected":false},"excerpt":{"rendered":"<p>Alejandro \u00c1vila Boca del R\u00edo, Ver.- Tal parece que el deporte en Veracruz no es prioridad pues el Gobierno del Estado a trav\u00e9s de la Secretar\u00eda de Finanzas envi\u00f3 una propuesta de presupuesto para que sea ejecutado en 2021 por el Instituto Veracruzano del Deporte, evidentemente mucho menor a la obtenida el a\u00f1o pasado. La [&hellip;]<\/p>\n","protected":false},"author":1,"featured_media":8909,"comment_status":"open","ping_status":"open","sticky":false,"template":"","format":"standard","meta":{"_jetpack_memberships_contains_paid_content":false,"footnotes":""},"categories":[2],"tags":[],"class_list":["post-8908","post","type-post","status-publish","format-standard","has-post-thumbnail","hentry","category-estado"],"jetpack_featured_media_url":"https:\/\/encuentroinformativo.com.mx\/wp-content\/uploads\/2020\/12\/2FC0CA6A-287D-419A-A771-945BC822F4A0.jpeg","jetpack_sharing_enabled":true,"jetpack_likes_enabled":true,"amp_enabled":true,"_links":{"self":[{"href":"https:\/\/encuentroinformativo.com.mx\/index.php?rest_route=\/wp\/v2\/posts\/8908","targetHints":{"allow":["GET"]}}],"collection":[{"href":"https:\/\/encuentroinformativo.com.mx\/index.php?rest_route=\/wp\/v2\/posts"}],"about":[{"href":"https:\/\/encuentroinformativo.com.mx\/index.php?rest_route=\/wp\/v2\/types\/post"}],"author":[{"embeddable":true,"href":"https:\/\/encuentroinformativo.com.mx\/index.php?rest_route=\/wp\/v2\/users\/1"}],"replies":[{"embeddable":true,"href":"https:\/\/encuentroinformativo.com.mx\/index.php?rest_route=%2Fwp%2Fv2%2Fcomments&post=8908"}],"version-history":[{"count":1,"href":"https:\/\/encuentroinformativo.com.mx\/index.php?rest_route=\/wp\/v2\/posts\/8908\/revisions"}],"predecessor-version":[{"id":8910,"href":"https:\/\/encuentroinformativo.com.mx\/index.php?rest_route=\/wp\/v2\/posts\/8908\/revisions\/8910"}],"wp:featuredmedia":[{"embeddable":true,"href":"https:\/\/encuentroinformativo.com.mx\/index.php?rest_route=\/wp\/v2\/media\/8909"}],"wp:attachment":[{"href":"https:\/\/encuentroinformativo.com.mx\/index.php?rest_route=%2Fwp%2Fv2%2Fmedia&parent=8908"}],"wp:term":[{"taxonomy":"category","embeddable":true,"href":"https:\/\/encuentroinformativo.com.mx\/index.php?rest_route=%2Fwp%2Fv2%2Fcategories&post=8908"},{"taxonomy":"post_tag","embeddable":true,"href":"https:\/\/encuentroinformativo.com.mx\/index.php?rest_route=%2Fwp%2Fv2%2Ftags&post=8908"}],"curies":[{"name":"wp","href":"https:\/\/api.w.org\/{rel}","templated":true}]}}