{"id":8913,"date":"2020-12-08T17:25:17","date_gmt":"2020-12-08T23:25:17","guid":{"rendered":"https:\/\/encuentroinformativo.com.mx\/?p=8913"},"modified":"2020-12-08T17:26:12","modified_gmt":"2020-12-08T23:26:12","slug":"ni-un-lechero-pagaron-los-morenos-de-medellin-en-el-cafe","status":"publish","type":"post","link":"https:\/\/encuentroinformativo.com.mx\/?p=8913","title":{"rendered":"Ni un lechero pagaron los morenos de Medell\u00edn en el caf\u00e9"},"content":{"rendered":"\n<p><strong>Alejandro \u00c1vila<\/strong><\/p>\n\n\n\n<p>Veracruz, Ver.- Banderas, matracas, playeras guindas y gritos como si fuera una procesi\u00f3n en El Tejar, as\u00ed llegaron los \u201cpol\u00edticos\u201d de MORENA en Medell\u00edn de Bravo al caf\u00e9 El Portal ubicado en el mero coraz\u00f3n del centro de la ciudad de Veracruz y a donde ahora se realizan las ruedas de prensa, precisamente por culpa de los \u201cmorenos\u201d.<\/p>\n\n\n\n<p>Los militantes de \u201cnombre\u201d tomaron 3 mesas y se sentaron dando al vista a la Catedral de Veracruz, quien tom\u00f3 la palabra fue Enrique Trejo Morales, ex candidato a la alcald\u00eda de Medell\u00edn de Bravo por MORENA y quien se eligi\u00f3 como vocero.<\/p>\n\n\n\n<p>Estuvo flanqueado por dos entes medi\u00e1ticos, conocidos por varios reporteros y algunos ciudadanos, Carlos Sosa Madrazo, l\u00edder transportista, y Bartolo Guevara Malpica, l\u00edder disidente de ex trabajadores de TAMSA, a quienes present\u00f3 como simpatizantes de MORENA.<\/p>\n\n\n\n<p>La cita fue a las 10 de la ma\u00f1ana en el mencionado caf\u00e9, donde a donde llevaron a cerca de 40 acarreados que con sus banderas y gritos obstru\u00edan la caminata de los peatones por la banqueta de la avenida Independencia.<\/p>\n\n\n\n<p>En su discurso, Trejo Morales dijo de forma breve que el sector de la militancia que lo apoya, \u00fanicamente est\u00e1 de acuerdo en hacer alianza en Medell\u00edn de Bravo con el Partido del Trabajo y no con el Partido Verde Ecologista de M\u00e9xico, espec\u00edficamente con quien podr\u00eda ser nombrado como candidato, Marcos Isle\u00f1o Andrade.<\/p>\n\n\n\n<p>\u201cLa manifestaci\u00f3n que tenemos en este momento es de alianza con el Partido del Trabajo por cuesti\u00f3n ideol\u00f3gica, porque somos partido de izquierda, comulgamos en ese tipo de lucha social que a trav\u00e9s del tiempo hemos tenido, comulgamos tambi\u00e9n con los militantes y ciudadanos del Partido Verde, pero no comulgamos con sus liderazgos, no estamos de acuerdo en MORENA Medell\u00edn en ir en una alianza con gente corrupta porque caer\u00edamos en una contradicci\u00f3n ideol\u00f3gica\u201d, apunt\u00f3.<\/p>\n\n\n\n<p>Una vez dado su mensaje, entre gritos y porras, los l\u00edderes se levantaron alzaron sus manos, se tomaron la foto y se fueron, pero durante su estancia no consumieron siquiera un \u201clechero\u201d, situaci\u00f3n que evidentemente enoj\u00f3 a los meseros del lugar a quienes les obstruyeron casi una hora 3 mesas y por el tumulto de \u201cacarreados\u201d, molestaron a los comensales.<\/p>\n\n\n\n<p>Nuevamente los \u201cmorenos\u201d dieron de que hablar en el caf\u00e9, pues desde hace unos meses en \u201cLa Parroquia\u201d qued\u00f3 prohibido que se dieran ruedas de prensa, precisamente tras una visita del diputado federal, Ricardo Exsome Zapata, quien llev\u00f3 a sus aliados al caf\u00e9 para dar entrevistas y por escandalosos fueron invitados a irse, desde esa fecha no se permiten m\u00e1s ruedas de prensa en el m\u00edtico caf\u00e9 \u201cLa Parroquia\u201d.<\/p>\n\n\n\n<figure class=\"wp-block-image size-large\"><img loading=\"lazy\" decoding=\"async\" width=\"1024\" height=\"768\" src=\"https:\/\/encuentroinformativo.com.mx\/wp-content\/uploads\/2020\/12\/D46600BA-0552-4A23-99EB-74C96ACAF534-1024x768.jpeg\" alt=\"\" class=\"wp-image-8916\" srcset=\"https:\/\/encuentroinformativo.com.mx\/wp-content\/uploads\/2020\/12\/D46600BA-0552-4A23-99EB-74C96ACAF534-1024x768.jpeg 1024w, https:\/\/encuentroinformativo.com.mx\/wp-content\/uploads\/2020\/12\/D46600BA-0552-4A23-99EB-74C96ACAF534-300x225.jpeg 300w, https:\/\/encuentroinformativo.com.mx\/wp-content\/uploads\/2020\/12\/D46600BA-0552-4A23-99EB-74C96ACAF534-768x576.jpeg 768w, https:\/\/encuentroinformativo.com.mx\/wp-content\/uploads\/2020\/12\/D46600BA-0552-4A23-99EB-74C96ACAF534.jpeg 1152w\" sizes=\"auto, (max-width: 1024px) 100vw, 1024px\" \/><\/figure>\n","protected":false},"excerpt":{"rendered":"<p>Alejandro \u00c1vila Veracruz, Ver.- Banderas, matracas, playeras guindas y gritos como si fuera una procesi\u00f3n en El Tejar, as\u00ed llegaron los \u201cpol\u00edticos\u201d de MORENA en Medell\u00edn de Bravo al caf\u00e9 El Portal ubicado en el mero coraz\u00f3n del centro de la ciudad de Veracruz y a donde ahora se realizan las ruedas de prensa, precisamente [&hellip;]<\/p>\n","protected":false},"author":1,"featured_media":8914,"comment_status":"open","ping_status":"open","sticky":false,"template":"","format":"standard","meta":{"_jetpack_memberships_contains_paid_content":false,"footnotes":""},"categories":[2],"tags":[],"class_list":["post-8913","post","type-post","status-publish","format-standard","has-post-thumbnail","hentry","category-estado"],"jetpack_featured_media_url":"https:\/\/encuentroinformativo.com.mx\/wp-content\/uploads\/2020\/12\/DDB44629-0990-4AB2-9B10-F4059EAEAE15.jpeg","jetpack_sharing_enabled":true,"jetpack_likes_enabled":true,"amp_enabled":true,"_links":{"self":[{"href":"https:\/\/encuentroinformativo.com.mx\/index.php?rest_route=\/wp\/v2\/posts\/8913","targetHints":{"allow":["GET"]}}],"collection":[{"href":"https:\/\/encuentroinformativo.com.mx\/index.php?rest_route=\/wp\/v2\/posts"}],"about":[{"href":"https:\/\/encuentroinformativo.com.mx\/index.php?rest_route=\/wp\/v2\/types\/post"}],"author":[{"embeddable":true,"href":"https:\/\/encuentroinformativo.com.mx\/index.php?rest_route=\/wp\/v2\/users\/1"}],"replies":[{"embeddable":true,"href":"https:\/\/encuentroinformativo.com.mx\/index.php?rest_route=%2Fwp%2Fv2%2Fcomments&post=8913"}],"version-history":[{"count":2,"href":"https:\/\/encuentroinformativo.com.mx\/index.php?rest_route=\/wp\/v2\/posts\/8913\/revisions"}],"predecessor-version":[{"id":8917,"href":"https:\/\/encuentroinformativo.com.mx\/index.php?rest_route=\/wp\/v2\/posts\/8913\/revisions\/8917"}],"wp:featuredmedia":[{"embeddable":true,"href":"https:\/\/encuentroinformativo.com.mx\/index.php?rest_route=\/wp\/v2\/media\/8914"}],"wp:attachment":[{"href":"https:\/\/encuentroinformativo.com.mx\/index.php?rest_route=%2Fwp%2Fv2%2Fmedia&parent=8913"}],"wp:term":[{"taxonomy":"category","embeddable":true,"href":"https:\/\/encuentroinformativo.com.mx\/index.php?rest_route=%2Fwp%2Fv2%2Fcategories&post=8913"},{"taxonomy":"post_tag","embeddable":true,"href":"https:\/\/encuentroinformativo.com.mx\/index.php?rest_route=%2Fwp%2Fv2%2Ftags&post=8913"}],"curies":[{"name":"wp","href":"https:\/\/api.w.org\/{rel}","templated":true}]}}