{"id":8926,"date":"2020-12-09T11:00:37","date_gmt":"2020-12-09T17:00:37","guid":{"rendered":"https:\/\/encuentroinformativo.com.mx\/?p=8926"},"modified":"2020-12-09T11:00:40","modified_gmt":"2020-12-09T17:00:40","slug":"de-5-a-10-anos-de-carcel-para-quien-incurra-en-maltrato-animal","status":"publish","type":"post","link":"https:\/\/encuentroinformativo.com.mx\/?p=8926","title":{"rendered":"De 5 a 10 a\u00f1os de c\u00e1rcel para quien incurra en maltrato animal"},"content":{"rendered":"\n<p><strong>Alejandro \u00c1vila<\/strong><\/p>\n\n\n\n<p>Veracruz, Ver.- Hace una semana fue aprobada por los diputados federales de forma un\u00e1nime la Ley de Protecci\u00f3n Animal, en esta se le transfiere a los Estados y municipios la facultad de ejecutar un reglamento para el cuidado y control animal.<\/p>\n\n\n\n<p>El diputado federal, Carlos Valenzuela Gonz\u00e1lez, reconoci\u00f3 que exist\u00eda un vac\u00edo legal y no se determinaba con certeza quien deb\u00eda ejercer estas facultades, y con esto se busca evitar los altos n\u00fameros de abandono de mascotas en las diferentes ciudades de la rep\u00fablica.<\/p>\n\n\n\n<p>\u201cAhora los municipios ser\u00e1n los responsables junto con el Estado de garantizar que existan las condiciones \u00f3ptimas para la crianza de animales, hemos sido m\u00e1s estrictos en cuanto a la crianza de mascotas, porque muchas veces esta crianza solo se da con fines de lucro y no se cuidan la calidad de vida de las mascotas\u201d, subray\u00f3.<\/p>\n\n\n\n<p>En ese sentido, expuso que ahora habr\u00e1 penas y sanciones m\u00e1s graves para las personas que ejerzan maltrato animal contra las mascotas que tienen a cargo.<\/p>\n\n\n\n<p>\u201cLo que nosotros queremos es que se pase a c\u00e1rcel, ahorita ya se deja abierta la posibilidad de que no solo sea una multa, sino que sea detenci\u00f3n, en este caso tendremos que legislar para que podamos incrementar estas penas, pero de entrada ya el municipio ser\u00e1 el que est\u00e9 a cargo de que no existas este tipo de criaderos clandestinos como exist\u00edan en algunos lados (\u2026) lo que estamos proponiendo es 5 a\u00f1os de c\u00e1rcel para aquellas personas que se les detecte maltrato animal y 10 a\u00f1os para aquellos que est\u00e9n reincidiendo\u201d, resalt\u00f3.<\/p>\n\n\n\n<p>Tambi\u00e9n coment\u00f3 que en esta ley se regula ahora el n\u00famero de mascotas que puede tener una persona por domicilio, ya que en algunos casos existen personas con muchas mascotas que no les dan el cuidado necesario.<\/p>\n\n\n\n<p>\u201cSe est\u00e1 poniendo un n\u00famero de hasta 4 mascotas, para que con eso las personas que tengan m\u00e1s de cuatro mascotas tengan que hacer un tr\u00e1mite para darse de alta como albergue, y ya d\u00e1ndose de alta como albergue, deben de cubrir con las especificaciones t\u00e9cnicas que ponga cada municipio\u201d, finaliz\u00f3.<\/p>\n","protected":false},"excerpt":{"rendered":"<p>Alejandro \u00c1vila Veracruz, Ver.- Hace una semana fue aprobada por los diputados federales de forma un\u00e1nime la Ley de Protecci\u00f3n Animal, en esta se le transfiere a los Estados y municipios la facultad de ejecutar un reglamento para el cuidado y control animal. El diputado federal, Carlos Valenzuela Gonz\u00e1lez, reconoci\u00f3 que exist\u00eda un vac\u00edo legal [&hellip;]<\/p>\n","protected":false},"author":1,"featured_media":8927,"comment_status":"open","ping_status":"open","sticky":false,"template":"","format":"standard","meta":{"_jetpack_memberships_contains_paid_content":false,"footnotes":""},"categories":[2],"tags":[],"class_list":["post-8926","post","type-post","status-publish","format-standard","has-post-thumbnail","hentry","category-estado"],"jetpack_featured_media_url":"https:\/\/encuentroinformativo.com.mx\/wp-content\/uploads\/2020\/12\/C9DDAD24-18FE-49DE-9495-B28E6AE7F60A.jpeg","jetpack_sharing_enabled":true,"jetpack_likes_enabled":true,"amp_enabled":true,"_links":{"self":[{"href":"https:\/\/encuentroinformativo.com.mx\/index.php?rest_route=\/wp\/v2\/posts\/8926","targetHints":{"allow":["GET"]}}],"collection":[{"href":"https:\/\/encuentroinformativo.com.mx\/index.php?rest_route=\/wp\/v2\/posts"}],"about":[{"href":"https:\/\/encuentroinformativo.com.mx\/index.php?rest_route=\/wp\/v2\/types\/post"}],"author":[{"embeddable":true,"href":"https:\/\/encuentroinformativo.com.mx\/index.php?rest_route=\/wp\/v2\/users\/1"}],"replies":[{"embeddable":true,"href":"https:\/\/encuentroinformativo.com.mx\/index.php?rest_route=%2Fwp%2Fv2%2Fcomments&post=8926"}],"version-history":[{"count":1,"href":"https:\/\/encuentroinformativo.com.mx\/index.php?rest_route=\/wp\/v2\/posts\/8926\/revisions"}],"predecessor-version":[{"id":8928,"href":"https:\/\/encuentroinformativo.com.mx\/index.php?rest_route=\/wp\/v2\/posts\/8926\/revisions\/8928"}],"wp:featuredmedia":[{"embeddable":true,"href":"https:\/\/encuentroinformativo.com.mx\/index.php?rest_route=\/wp\/v2\/media\/8927"}],"wp:attachment":[{"href":"https:\/\/encuentroinformativo.com.mx\/index.php?rest_route=%2Fwp%2Fv2%2Fmedia&parent=8926"}],"wp:term":[{"taxonomy":"category","embeddable":true,"href":"https:\/\/encuentroinformativo.com.mx\/index.php?rest_route=%2Fwp%2Fv2%2Fcategories&post=8926"},{"taxonomy":"post_tag","embeddable":true,"href":"https:\/\/encuentroinformativo.com.mx\/index.php?rest_route=%2Fwp%2Fv2%2Ftags&post=8926"}],"curies":[{"name":"wp","href":"https:\/\/api.w.org\/{rel}","templated":true}]}}