{"id":8932,"date":"2020-12-09T11:48:07","date_gmt":"2020-12-09T17:48:07","guid":{"rendered":"https:\/\/encuentroinformativo.com.mx\/?p=8932"},"modified":"2020-12-09T11:48:10","modified_gmt":"2020-12-09T17:48:10","slug":"soto-y-su-pandilla","status":"publish","type":"post","link":"https:\/\/encuentroinformativo.com.mx\/?p=8932","title":{"rendered":"Soto y su pandilla"},"content":{"rendered":"\n<p><strong>Los Pol\u00edticos<\/strong><\/p>\n\n\n\n<p><strong>Salvador Mu\u00f1oz<\/strong><\/p>\n\n\n\n<p>Aun cuando el alcalde de Coatepec, Enrique Fern\u00e1ndez Peredo, ha dicho que \u201cno\u201d, en el escenario de lo que en la regi\u00f3n cafetalera conocen como Soto y su Pandilla, el edil est\u00e1 contemplado como aspirante a la diputaci\u00f3n local por el PAN, mientras que el posible candidato a la alcald\u00eda ser\u00eda Manolo S\u00e1nchez Mart\u00ednez, quien ya ha ocupado tal cargo as\u00ed como el de legislador local, con un paso gris en ambos cargos\u2026 la curul federal ser\u00eda para Everardo Soto Matla\u2026 insisto: esto, en el escenario de los seguidores de Soto y su Pandilla\u2026 sin tomar en cuenta la alianza\u2026 ni al partido\u2026 ni el g\u00e9nero.<\/p>\n\n\n\n<p>Para la regi\u00f3n, no escapa el cacicazgo pol\u00edtico que ha conformado Everardo Soto Matla desde Ixhuac\u00e1n de los Reyes (donde gobern\u00f3) pasando por Cosautl\u00e1n de Carvajal donde actualmente manda su esposa Alicia Valdivia Vargas, hasta acabar en Coatepec, donde su ex empleado, Enrique Fern\u00e1ndez, es el alcalde.<\/p>\n\n\n\n<p>Lo interesante de Everardo es el teje y maneje que, muy aparte de la tr\u00edada que proyecta como propuesta en el PAN para este 2021, est\u00e1 la que busca ramificar en los tres municipios citados, con el mismo color azul, y su incursi\u00f3n o filtraci\u00f3n en el naranja\u2026<\/p>\n\n\n\n<p>En Ixhuac\u00e1n de los Reyes, Soto y su Pandilla empieza a perfilar (de nuevo) a su hermana, Isabel Soto Matla, quien particip\u00f3 en la pasada elecci\u00f3n por la alcald\u00eda que perdi\u00f3 en manos del PRI.<\/p>\n\n\n\n<p>Por otro lado, en Cosautl\u00e1n, impulsan la candidatura de Antonio Valdivia Huerta, s\u00ed, primo-hermano de la alcaldesa, de la esposa de Everardo\u2026<\/p>\n\n\n\n<p>Y como ya se dijo al principio, por Coatepec, Manolo S\u00e1nchez Mart\u00ednez, parte activa de Soto y su Pandilla.<\/p>\n\n\n\n<p>\u00bfY en d\u00f3nde entra el naranja en los proyectos de Soto y su Pandilla?<\/p>\n\n\n\n<p>En este caso involucran a otro personaje interesante en la vida pol\u00edtica de Coatepec: a Juanelo, Roberto P\u00e9rez Moreno.<\/p>\n\n\n\n<p>Hace poco, Movimiento Ciudadano hizo la presentaci\u00f3n de Isauro Montes Camacho como titular de la Comisi\u00f3n Operativa Municipal en Coatepec. En el momento que le dan tal nombramiento a Isauro, para muchos, es como darle la candidatura del partido para ir en pos de la alcald\u00eda de Coatepec\u2026<\/p>\n\n\n\n<p>Nadie olvida que Isauro fue en su momento, director de Obras P\u00fablicas en la administraci\u00f3n de Juanelo, y por si se les hubiera olvidado, cuando fue su designaci\u00f3n en Movimiento Ciudadano, \u00a1hasta reapareci\u00f3 Juanelo en dicho evento! Y para pasar \u201cdesapercibido\u201d, dicen que lleg\u00f3 hasta disfrazado de vaquero.<\/p>\n\n\n\n<p>\u00bfY en d\u00f3nde entra Soto y su Pandilla? \u00a1Ah! Es que dentro del ensayo de planilla edilicia que lleva Isauro, ya apunt\u00f3 a Jos\u00e9 Antonio Rivera Medina, quien fuera director del Hospital Civil de Teocelo\u2026 y compadre de Everardo.<\/p>\n\n\n\n<p>Curioso, pero se da una tr\u00edada interesante en este plano: Juanelo, Everardo e Isauro (\u00bfo Feliciano Leal?), PRI, PAN y Movimiento Ciudadano.<\/p>\n\n\n\n<p>Por supuesto, todo lo planteado ac\u00e1, es el escenario que proyecta Soto y su Pandilla rumbo al 2021 pero no deja de percibirse ese aire patrimonialista que algunos panistas, en diversas regiones de Veracruz, han hecho del partido\u2026 ejemplos claros, empezando desde su dirigente estatal y sus dos hermanos como diputados federales\u2026 si \u00e9l puede, \u00bfpor qu\u00e9 no Soto y su Pandilla\u2026 y su familia?<\/p>\n\n\n\n<p><a href=\"mailto:smcainito@gmail.com\" target=\"_blank\" rel=\"noreferrer noopener\">smcainito@gmail.com<\/a><\/p>\n","protected":false},"excerpt":{"rendered":"<p>Los Pol\u00edticos Salvador Mu\u00f1oz Aun cuando el alcalde de Coatepec, Enrique Fern\u00e1ndez Peredo, ha dicho que \u201cno\u201d, en el escenario de lo que en la regi\u00f3n cafetalera conocen como Soto y su Pandilla, el edil est\u00e1 contemplado como aspirante a la diputaci\u00f3n local por el PAN, mientras que el posible candidato a la alcald\u00eda ser\u00eda [&hellip;]<\/p>\n","protected":false},"author":1,"featured_media":70,"comment_status":"open","ping_status":"open","sticky":false,"template":"","format":"standard","meta":{"_jetpack_memberships_contains_paid_content":false,"footnotes":""},"categories":[11],"tags":[],"class_list":["post-8932","post","type-post","status-publish","format-standard","has-post-thumbnail","hentry","category-opinion"],"jetpack_featured_media_url":"https:\/\/encuentroinformativo.com.mx\/wp-content\/uploads\/2020\/02\/opinion-invitado.jpg","jetpack_sharing_enabled":true,"jetpack_likes_enabled":true,"amp_enabled":true,"_links":{"self":[{"href":"https:\/\/encuentroinformativo.com.mx\/index.php?rest_route=\/wp\/v2\/posts\/8932","targetHints":{"allow":["GET"]}}],"collection":[{"href":"https:\/\/encuentroinformativo.com.mx\/index.php?rest_route=\/wp\/v2\/posts"}],"about":[{"href":"https:\/\/encuentroinformativo.com.mx\/index.php?rest_route=\/wp\/v2\/types\/post"}],"author":[{"embeddable":true,"href":"https:\/\/encuentroinformativo.com.mx\/index.php?rest_route=\/wp\/v2\/users\/1"}],"replies":[{"embeddable":true,"href":"https:\/\/encuentroinformativo.com.mx\/index.php?rest_route=%2Fwp%2Fv2%2Fcomments&post=8932"}],"version-history":[{"count":1,"href":"https:\/\/encuentroinformativo.com.mx\/index.php?rest_route=\/wp\/v2\/posts\/8932\/revisions"}],"predecessor-version":[{"id":8933,"href":"https:\/\/encuentroinformativo.com.mx\/index.php?rest_route=\/wp\/v2\/posts\/8932\/revisions\/8933"}],"wp:featuredmedia":[{"embeddable":true,"href":"https:\/\/encuentroinformativo.com.mx\/index.php?rest_route=\/wp\/v2\/media\/70"}],"wp:attachment":[{"href":"https:\/\/encuentroinformativo.com.mx\/index.php?rest_route=%2Fwp%2Fv2%2Fmedia&parent=8932"}],"wp:term":[{"taxonomy":"category","embeddable":true,"href":"https:\/\/encuentroinformativo.com.mx\/index.php?rest_route=%2Fwp%2Fv2%2Fcategories&post=8932"},{"taxonomy":"post_tag","embeddable":true,"href":"https:\/\/encuentroinformativo.com.mx\/index.php?rest_route=%2Fwp%2Fv2%2Ftags&post=8932"}],"curies":[{"name":"wp","href":"https:\/\/api.w.org\/{rel}","templated":true}]}}