{"id":8934,"date":"2020-12-09T11:52:07","date_gmt":"2020-12-09T17:52:07","guid":{"rendered":"https:\/\/encuentroinformativo.com.mx\/?p=8934"},"modified":"2020-12-09T11:52:09","modified_gmt":"2020-12-09T17:52:09","slug":"registra-xalapa-temperatura-mas-baja-en-la-temporada","status":"publish","type":"post","link":"https:\/\/encuentroinformativo.com.mx\/?p=8934","title":{"rendered":"Registra Xalapa temperatura m\u00e1s baja en la temporada"},"content":{"rendered":"\n<p><strong>Juan Arcos <\/strong><\/p>\n\n\n\n<p>Xalapa, Ver.- Esta ma\u00f1ana se registr\u00f3 una temperatura de 6.8 grados cent\u00edgrados en la capital del estado, la m\u00e1s baja de la temporada 2020-2021 hasta el momento.<\/p>\n\n\n\n<p>As\u00ed lo dio a conocer Jessica Iveth Luna Lagunes, jefa de Hidrometeorolog\u00eda del Organismo de Cuenca Golfo Centro de la Comisi\u00f3n Nacional del Agua (Conagua), quien a\u00f1adi\u00f3 que en la entidad veracruzana, sobre todo en las regiones monta\u00f1osas, predominar\u00e1n las bajas temperaturas en los siguientes d\u00edas.<\/p>\n\n\n\n<p>Record\u00f3 que en octubre y noviembre pasado se tuvieron temperaturas m\u00ednimas de nueve grados Celsius en Xalapa; sin embargo, ninguna de \u00e9stas ha superado el registro hist\u00f3rico de 1.7 grados cent\u00edgrados en el a\u00f1o 1989.<\/p>\n\n\n\n<p>\u201cEl pron\u00f3stico indica que van a continuar estas bajas temperaturas y principalmente hay que estar pendientes en zonas serranas, ya que suele registrarse temperaturas por abajo de los cero grados Celsius\u201d.<\/p>\n\n\n\n<p>La especialista indic\u00f3 que este mi\u00e9rcoles 9 de diciembre tambi\u00e9n se registr\u00f3 una temperatura de menos un grado cent\u00edgrado en la localidad Zayaleta, municipio de Perote.<br>\u201cSe tiene que el registro m\u00e1s bajo tambi\u00e9n se dio durante el mes de noviembre con menos siete grados Celsius en la localidad de Zayaleta\u201d.<\/p>\n\n\n\n<p>Luna Lagunes detall\u00f3 que las bajas temperaturas persistir\u00e1n principalmente durante las madrugadas y se espera un ascenso en \u00e9stas en las siguientes horas del d\u00eda.<\/p>\n\n\n\n<p>Agreg\u00f3 que en los \u00faltimos d\u00edas tambi\u00e9n se registraron las temperaturas m\u00e1s bajas de la temporada en La Joya, municipio de Acajete, con 0.5 grados cent\u00edgrados; Acatl\u00e1n con cinco grados Celsius; y Naolinco con cuatro grados cent\u00edgrados.<\/p>\n\n\n\n<p>\u201cEstad\u00edsticamente los meses m\u00e1s fr\u00edos para Veracruz son diciembre, enero y febrero, por lo que se recomienda seguir pendientes del pron\u00f3stico meteorol\u00f3gico\u201d, enfatiz\u00f3.<\/p>\n","protected":false},"excerpt":{"rendered":"<p>Juan Arcos Xalapa, Ver.- Esta ma\u00f1ana se registr\u00f3 una temperatura de 6.8 grados cent\u00edgrados en la capital del estado, la m\u00e1s baja de la temporada 2020-2021 hasta el momento. As\u00ed lo dio a conocer Jessica Iveth Luna Lagunes, jefa de Hidrometeorolog\u00eda del Organismo de Cuenca Golfo Centro de la Comisi\u00f3n Nacional del Agua (Conagua), quien [&hellip;]<\/p>\n","protected":false},"author":1,"featured_media":8935,"comment_status":"open","ping_status":"open","sticky":false,"template":"","format":"standard","meta":{"_jetpack_memberships_contains_paid_content":false,"footnotes":""},"categories":[3],"tags":[],"class_list":["post-8934","post","type-post","status-publish","format-standard","has-post-thumbnail","hentry","category-xalapa"],"jetpack_featured_media_url":"https:\/\/encuentroinformativo.com.mx\/wp-content\/uploads\/2020\/12\/D9624F4F-5CAB-4610-B2A1-E88E44EAFD2A.jpeg","jetpack_sharing_enabled":true,"jetpack_likes_enabled":true,"amp_enabled":true,"_links":{"self":[{"href":"https:\/\/encuentroinformativo.com.mx\/index.php?rest_route=\/wp\/v2\/posts\/8934","targetHints":{"allow":["GET"]}}],"collection":[{"href":"https:\/\/encuentroinformativo.com.mx\/index.php?rest_route=\/wp\/v2\/posts"}],"about":[{"href":"https:\/\/encuentroinformativo.com.mx\/index.php?rest_route=\/wp\/v2\/types\/post"}],"author":[{"embeddable":true,"href":"https:\/\/encuentroinformativo.com.mx\/index.php?rest_route=\/wp\/v2\/users\/1"}],"replies":[{"embeddable":true,"href":"https:\/\/encuentroinformativo.com.mx\/index.php?rest_route=%2Fwp%2Fv2%2Fcomments&post=8934"}],"version-history":[{"count":1,"href":"https:\/\/encuentroinformativo.com.mx\/index.php?rest_route=\/wp\/v2\/posts\/8934\/revisions"}],"predecessor-version":[{"id":8936,"href":"https:\/\/encuentroinformativo.com.mx\/index.php?rest_route=\/wp\/v2\/posts\/8934\/revisions\/8936"}],"wp:featuredmedia":[{"embeddable":true,"href":"https:\/\/encuentroinformativo.com.mx\/index.php?rest_route=\/wp\/v2\/media\/8935"}],"wp:attachment":[{"href":"https:\/\/encuentroinformativo.com.mx\/index.php?rest_route=%2Fwp%2Fv2%2Fmedia&parent=8934"}],"wp:term":[{"taxonomy":"category","embeddable":true,"href":"https:\/\/encuentroinformativo.com.mx\/index.php?rest_route=%2Fwp%2Fv2%2Fcategories&post=8934"},{"taxonomy":"post_tag","embeddable":true,"href":"https:\/\/encuentroinformativo.com.mx\/index.php?rest_route=%2Fwp%2Fv2%2Ftags&post=8934"}],"curies":[{"name":"wp","href":"https:\/\/api.w.org\/{rel}","templated":true}]}}