{"id":8937,"date":"2020-12-09T12:14:54","date_gmt":"2020-12-09T18:14:54","guid":{"rendered":"https:\/\/encuentroinformativo.com.mx\/?p=8937"},"modified":"2020-12-09T12:14:56","modified_gmt":"2020-12-09T18:14:56","slug":"dificil-de-digerir-la-alianza-con-el-pri-chiquiyunes","status":"publish","type":"post","link":"https:\/\/encuentroinformativo.com.mx\/?p=8937","title":{"rendered":"Dif\u00edcil de digerir la alianza con el PRI: Chiquiyunes"},"content":{"rendered":"\n<p><strong>Alejandro \u00c1vila<\/strong><\/p>\n\n\n\n<p>Veracruz, Ver.- El ex candidato a la gubernatura de Veracruz y quien recientemente anunci\u00f3 volver\u00eda a la vida p\u00fablica \u2013 pol\u00edtica, Miguel \u00c1ngel Yunes M\u00e1rquez, reconoci\u00f3 que le cost\u00f3 trabajo \u201cdigerir\u201d el anuncio de una alianza entre el PAN y el PRI, aunque aclar\u00f3 que fue una decisi\u00f3n consensuada, analizada en todas sus vertientes y por eso ser\u00e1 apoyada.<\/p>\n\n\n\n<p>Expuso que lo que se busca con esta alianza con el PRI y el PRD, es contrarrestar la mayor\u00eda abrumadora que tiene MORENA en la C\u00e1mara de Diputados, la cual se\u00f1al\u00f3 como una \u201cmayor\u00eda artificial\u201d, pues solo aprueban lo que el presidente les dice y no lo menor por M\u00e9xico.<\/p>\n\n\n\n<p>\u201cQue no tenga el presidente una mayor\u00eda absoluta en la pr\u00f3xima, porque ser\u00eda muy grave y muy peligroso para el pa\u00eds, por todo lo que se ha venido viendo en estos a\u00f1os\u201d, subray\u00f3.<\/p>\n\n\n\n<p>El tambi\u00e9n ex alcalde de Boca del R\u00edo en dos ocasiones, se\u00f1al\u00f3 que esta alianza lo que tiene como prioridad es sacar adelante al pa\u00eds, ya que mencion\u00f3 seguramente no fue f\u00e1cil llegar a este acuerdo en las c\u00fapulas de ambos partidos que durante a\u00f1os combatieron frente a frente, sin embargo, hoy cuentan con algo en com\u00fan, el inter\u00e9s por mejorar la naci\u00f3n.<\/p>\n\n\n\n<p>\u201cDuarte y Fidel Herrera ya no est\u00e1n aqu\u00ed, ya es otra cosa distinta, obviamente como te dec\u00eda no es algo sencillo en lo personal para m\u00ed, la verdad es que el tener el PRI ese tipo de gente, pues siempre afect\u00f3 la imagen de ese partido, ahora ya no est\u00e1n, son diferentes los l\u00edderes, son diferentes las c\u00fapulas, y como te dec\u00eda es una decisi\u00f3n que se est\u00e1 tomando a nivel nacional y es una decisi\u00f3n que hay que respetar como panistas\u201d, asest\u00f3.<\/p>\n\n\n\n<p>En cuanto a la gesti\u00f3n que realiza su hermano Fernando Yunes M\u00e1rquez como presidente municipal de Veracruz, dijo que a pesar de los recortes presupuestales del Gobierno Federal para obra p\u00fablica, y el nulo apoyo de Gobierno del Estado a la ciudad m\u00e1s importante, ha logrado un trabajo exitoso.<\/p>\n\n\n\n<p>\u201cSiendo Veracruz la ciudad m\u00e1s importante desde el punto de vista econ\u00f3mico, desde el punto de vista poblacional, tendr\u00eda que tener una atenci\u00f3n especial, pero bueno por revanchismos y por ni\u00f1er\u00edas te podr\u00eda decir, el gobierno estatal simplemente no apoya al puerto de Veracruz y eso es algo que deja mal parado no al alcalde, sino al gobernador\u201d, remat\u00f3.<br>\u00a0<\/p>\n","protected":false},"excerpt":{"rendered":"<p>Alejandro \u00c1vila Veracruz, Ver.- El ex candidato a la gubernatura de Veracruz y quien recientemente anunci\u00f3 volver\u00eda a la vida p\u00fablica \u2013 pol\u00edtica, Miguel \u00c1ngel Yunes M\u00e1rquez, reconoci\u00f3 que le cost\u00f3 trabajo \u201cdigerir\u201d el anuncio de una alianza entre el PAN y el PRI, aunque aclar\u00f3 que fue una decisi\u00f3n consensuada, analizada en todas sus [&hellip;]<\/p>\n","protected":false},"author":1,"featured_media":8938,"comment_status":"open","ping_status":"open","sticky":false,"template":"","format":"standard","meta":{"_jetpack_memberships_contains_paid_content":false,"footnotes":""},"categories":[2],"tags":[],"class_list":["post-8937","post","type-post","status-publish","format-standard","has-post-thumbnail","hentry","category-estado"],"jetpack_featured_media_url":"https:\/\/encuentroinformativo.com.mx\/wp-content\/uploads\/2020\/12\/7ED3250A-FE76-4F30-9175-D755067E4D31.jpeg","jetpack_sharing_enabled":true,"jetpack_likes_enabled":true,"amp_enabled":true,"_links":{"self":[{"href":"https:\/\/encuentroinformativo.com.mx\/index.php?rest_route=\/wp\/v2\/posts\/8937","targetHints":{"allow":["GET"]}}],"collection":[{"href":"https:\/\/encuentroinformativo.com.mx\/index.php?rest_route=\/wp\/v2\/posts"}],"about":[{"href":"https:\/\/encuentroinformativo.com.mx\/index.php?rest_route=\/wp\/v2\/types\/post"}],"author":[{"embeddable":true,"href":"https:\/\/encuentroinformativo.com.mx\/index.php?rest_route=\/wp\/v2\/users\/1"}],"replies":[{"embeddable":true,"href":"https:\/\/encuentroinformativo.com.mx\/index.php?rest_route=%2Fwp%2Fv2%2Fcomments&post=8937"}],"version-history":[{"count":1,"href":"https:\/\/encuentroinformativo.com.mx\/index.php?rest_route=\/wp\/v2\/posts\/8937\/revisions"}],"predecessor-version":[{"id":8939,"href":"https:\/\/encuentroinformativo.com.mx\/index.php?rest_route=\/wp\/v2\/posts\/8937\/revisions\/8939"}],"wp:featuredmedia":[{"embeddable":true,"href":"https:\/\/encuentroinformativo.com.mx\/index.php?rest_route=\/wp\/v2\/media\/8938"}],"wp:attachment":[{"href":"https:\/\/encuentroinformativo.com.mx\/index.php?rest_route=%2Fwp%2Fv2%2Fmedia&parent=8937"}],"wp:term":[{"taxonomy":"category","embeddable":true,"href":"https:\/\/encuentroinformativo.com.mx\/index.php?rest_route=%2Fwp%2Fv2%2Fcategories&post=8937"},{"taxonomy":"post_tag","embeddable":true,"href":"https:\/\/encuentroinformativo.com.mx\/index.php?rest_route=%2Fwp%2Fv2%2Ftags&post=8937"}],"curies":[{"name":"wp","href":"https:\/\/api.w.org\/{rel}","templated":true}]}}