{"id":894,"date":"2020-03-13T16:00:28","date_gmt":"2020-03-13T22:00:28","guid":{"rendered":"https:\/\/encuentroinformativo.com\/?p=894"},"modified":"2020-03-13T16:00:30","modified_gmt":"2020-03-13T22:00:30","slug":"condena-racimos-uso-de-ley-del-garrote-ante-protestas","status":"publish","type":"post","link":"https:\/\/encuentroinformativo.com.mx\/?p=894","title":{"rendered":"Condena RACIMOS uso de \u201cley del garrote\u201d ante protestas"},"content":{"rendered":"\n<p><strong>Dar\u00edo Pale <\/strong><\/p>\n\n\n\n<p>Xalapa, Ver.- Indalecio S\u00e1nchez Castellanos asesor de la Red Autonoma de Comunidades Ind\u00edgenas Movimientos y Organizaciones Sociales (RACIMOS), dio a conocer que es muy lamentable que ocupen la ley del garrote en lugar del di\u00e1logo y temen por la integridad f\u00edsica de las personas que fueron detenidas.<\/p>\n\n\n\n<p>En conferencia de prensa realizada en conocido caf\u00e9 del centro de Xalapa, se\u00f1al\u00f3 que RACIMOS expresa su inconformidad, diferencias y cr\u00edticas hacia el manejo del presupuesto p\u00fablico relacionados con los programas sociales y de beneficio al campo realizando una manifestaci\u00f3n p\u00fablica, pac\u00edfica y ordenada en la cumbre Taj\u00edn.<\/p>\n\n\n\n<p>\u201cEl d\u00eda de hoy como cada a\u00f1o los compa\u00f1eros se manifestaron y fueron brutalmente reprimidos por elementos de la SSP, queremos manifestar y expresar que condenamos este tipo de hechos y lamentamos mucho que un gobierno emanado de un proceso democr\u00e1tico utilice m\u00e9todos represivos en lugar de convocar al di\u00e1logo o a una mesa de negociaci\u00f3n para ver y atender este tipo de problemas que aquejan a los ciudadanos principalmente en el campo\u201d, se\u00f1al\u00f3.<\/p>\n\n\n\n<p>Se\u00f1al\u00f3 que esperaban que esa etapa ya estaba superada pero no es as\u00ed, utilizan la ley del garrote por lo que responsabilizan al gobernador del estado Cuitl\u00e1huac Garc\u00eda Jimenes de la integridad f\u00edsica de las personas que fueron detenidos entre los cuales va una mujer.<\/p>\n\n\n\n<p>Los detenidos son: Encarnaci\u00f3n Garc\u00eda P\u00e9rez, delegada regional en Papantla de RACIMOS, Quirina Hern\u00e1ndez Santiago, Esau D\u00edaz Lorenzo, Valente Rubio P\u00e9rez, Dagoberto Bautista Jonguitud, Jos\u00e9 Espinoza, Juan Manuel Trinidad L\u00f3pez, Antonio Lopez Ram\u00edrez y Antonio Hinojosa Salda\u00f1a Dirigente Nacional de RACIMOS.<\/p>\n\n\n\n<p>Cabe se\u00f1alar que \u00fanicamente \u00a0Encarnaci\u00f3n Garc\u00eda es la \u00fanica que hab\u00eda sido presentada ante la FGE, por lo que desconocen cu\u00e1l es el paradero de los dem\u00e1s que fueron detenidos y no han sido presentados ante ninguna autoridad por lo que temen por su integridad f\u00edsica.<\/p>\n\n\n\n<p>Dio a conocer que de estos acontecimientos ya est\u00e1n informando a la Secretar\u00eda de gobernaci\u00f3n en la Ciudad de M\u00e9xico porque ser\u00eda muy inocente que algo camine en la FGE si presentan alguna denuncia ya que no conf\u00edan en la fiscal ya que le debe todo al gobierno del estado.<\/p>\n\n\n\n<p>Finalmente lament\u00f3 que el gobierno del estado este aplicando estas medidas en contra de quienes lo apoyaron para llegar a la gobernatura del estado, m\u00e1s que son ind\u00edgenas a quienes golpearon.<\/p>\n\n\n\n<p><\/p>\n","protected":false},"excerpt":{"rendered":"<p>Dar\u00edo Pale Xalapa, Ver.- Indalecio S\u00e1nchez Castellanos asesor de la Red Autonoma de Comunidades Ind\u00edgenas Movimientos y Organizaciones Sociales (RACIMOS), dio a conocer que es muy lamentable que ocupen la ley del garrote en lugar del di\u00e1logo y temen por la integridad f\u00edsica de las personas que fueron detenidas. En conferencia de prensa realizada en [&hellip;]<\/p>\n","protected":false},"author":1,"featured_media":895,"comment_status":"open","ping_status":"open","sticky":false,"template":"","format":"standard","meta":{"_jetpack_memberships_contains_paid_content":false,"footnotes":""},"categories":[2],"tags":[],"class_list":["post-894","post","type-post","status-publish","format-standard","has-post-thumbnail","hentry","category-estado"],"jetpack_featured_media_url":"https:\/\/encuentroinformativo.com.mx\/wp-content\/uploads\/2020\/03\/EA717F80-3619-45EA-8478-E24CB7EE4832.jpeg","jetpack_sharing_enabled":true,"jetpack_likes_enabled":true,"amp_enabled":true,"_links":{"self":[{"href":"https:\/\/encuentroinformativo.com.mx\/index.php?rest_route=\/wp\/v2\/posts\/894","targetHints":{"allow":["GET"]}}],"collection":[{"href":"https:\/\/encuentroinformativo.com.mx\/index.php?rest_route=\/wp\/v2\/posts"}],"about":[{"href":"https:\/\/encuentroinformativo.com.mx\/index.php?rest_route=\/wp\/v2\/types\/post"}],"author":[{"embeddable":true,"href":"https:\/\/encuentroinformativo.com.mx\/index.php?rest_route=\/wp\/v2\/users\/1"}],"replies":[{"embeddable":true,"href":"https:\/\/encuentroinformativo.com.mx\/index.php?rest_route=%2Fwp%2Fv2%2Fcomments&post=894"}],"version-history":[{"count":1,"href":"https:\/\/encuentroinformativo.com.mx\/index.php?rest_route=\/wp\/v2\/posts\/894\/revisions"}],"predecessor-version":[{"id":896,"href":"https:\/\/encuentroinformativo.com.mx\/index.php?rest_route=\/wp\/v2\/posts\/894\/revisions\/896"}],"wp:featuredmedia":[{"embeddable":true,"href":"https:\/\/encuentroinformativo.com.mx\/index.php?rest_route=\/wp\/v2\/media\/895"}],"wp:attachment":[{"href":"https:\/\/encuentroinformativo.com.mx\/index.php?rest_route=%2Fwp%2Fv2%2Fmedia&parent=894"}],"wp:term":[{"taxonomy":"category","embeddable":true,"href":"https:\/\/encuentroinformativo.com.mx\/index.php?rest_route=%2Fwp%2Fv2%2Fcategories&post=894"},{"taxonomy":"post_tag","embeddable":true,"href":"https:\/\/encuentroinformativo.com.mx\/index.php?rest_route=%2Fwp%2Fv2%2Ftags&post=894"}],"curies":[{"name":"wp","href":"https:\/\/api.w.org\/{rel}","templated":true}]}}