{"id":8940,"date":"2020-12-09T12:56:17","date_gmt":"2020-12-09T18:56:17","guid":{"rendered":"https:\/\/encuentroinformativo.com.mx\/?p=8940"},"modified":"2020-12-09T12:56:19","modified_gmt":"2020-12-09T18:56:19","slug":"necesaria-reglamentacion-a-favor-de-personas-con-discapacidad-imidi","status":"publish","type":"post","link":"https:\/\/encuentroinformativo.com.mx\/?p=8940","title":{"rendered":"Necesaria reglamentaci\u00f3n a favor de personas con discapacidad: IMIDI"},"content":{"rendered":"\n<p><strong>Dar\u00edo Pale <\/strong><\/p>\n\n\n\n<p>Xalapa, Ver.- Karina Mart\u00ednez Vera presidenta del Instituto Mexicano de Investigaciones y Desarrollo Integral (IMIDI), A.C., dio a conocer que despu\u00e9s de\u00a0siete a\u00f1os en busca de justicia por la discriminaci\u00f3n de L.F.H.M. (ni\u00f1o con s\u00edndrome de Down) por parte de sus maestras, el proceso penal interpuesto en contra de las servidoras p\u00fablicas llega a su fin, la familia logra la reparaci\u00f3n del da\u00f1o sentando as\u00ed un presedente importante en la lucha por el respeto a los derechos humanos.<\/p>\n\n\n\n<p>En conferencia de prensa realizada en conocido caf\u00e9 del centro de Xalapa M, afirmo que\u00a0&#8220;el logro obtenido tan solo es el principio ya que asegura, los casos de discriminaci\u00f3n hacia las personas en situaci\u00f3n de discapacidad y dem\u00e1s grupos vulnerados no son aislados por lo que continuaremos luchando a fin de erradicar la discriminaci\u00f3n que tanto da\u00f1o nos hace como sociedad&#8221;.<\/p>\n\n\n\n<p>Tambi\u00e9n asegur\u00f3 que\u00a0en esta lucha que emprendieron\u00a0por IMIDI Xalapa no est\u00e1n solos, los respaldan diversas asociaciones y colectivos del Estado de Veracruz que en busca de una sociedad que valore y respete la diversidad humana han decidido sumarse.<\/p>\n\n\n\n<p>Entre todos se unen esfuerzos y hacen un exhorto al Gobierno del Estado para la reglamentaci\u00f3n con car\u00e1cter de urgente de la Ley 822, Ley que prev\u00e9 la integraci\u00f3n de las personas con discapacidad en el Estado de Veracruz, misma que tiene ya 10 a\u00f1os en espera de ser reglamentada, as\u00ed tambi\u00e9n la creaci\u00f3n del Instituto estatal para la promoci\u00f3n y defensa de los derechos humanos de las personas con discapacidad.<\/p>\n\n\n\n<p>&#8220;Hoy d\u00eda, la sociedad civil organizada hace su parte y hace un llamado a las autoridades a hacer lo propio, ya no estamos solos afirman y nos mantendremos unidos y generaremos mayores alianzas a fin de garantizar el respeto a los derechos humanos de todas y todos los Veracruzanos&#8221;, se\u00f1al\u00f3.<\/p>\n\n\n\n<p>En el mismo sentido, la directora de IMIDI dio a conocer que ya firm\u00f3 dos convenios de colaboraci\u00f3n con dos despachos de abogados con la finalidad de brindar no s\u00f3lo orientaci\u00f3n, si no tambi\u00e9n acompa\u00f1amiento a todas aquellas familias que est\u00e9n viviendo sitauciones de discriminaci\u00f3n educativa, lo cual sin duda alguna representa no solo una oportunidad, tambi\u00e9n una luz de esperanza por que mejoren.<\/p>\n\n\n\n<p>Finalmente realizaron una invitaci\u00f3n abierta a la poblaci\u00f3n e instituciones que se quieran sumar a esa causa que busca sin duda alguna promover el bienestar de las y los veracruzanos para fijar as\u00ed un antecedente que repercuta en todo Mexico.<\/p>\n","protected":false},"excerpt":{"rendered":"<p>Dar\u00edo Pale Xalapa, Ver.- Karina Mart\u00ednez Vera presidenta del Instituto Mexicano de Investigaciones y Desarrollo Integral (IMIDI), A.C., dio a conocer que despu\u00e9s de\u00a0siete a\u00f1os en busca de justicia por la discriminaci\u00f3n de L.F.H.M. (ni\u00f1o con s\u00edndrome de Down) por parte de sus maestras, el proceso penal interpuesto en contra de las servidoras p\u00fablicas llega [&hellip;]<\/p>\n","protected":false},"author":1,"featured_media":8941,"comment_status":"open","ping_status":"open","sticky":false,"template":"","format":"standard","meta":{"_jetpack_memberships_contains_paid_content":false,"footnotes":""},"categories":[3],"tags":[],"class_list":["post-8940","post","type-post","status-publish","format-standard","has-post-thumbnail","hentry","category-xalapa"],"jetpack_featured_media_url":"https:\/\/encuentroinformativo.com.mx\/wp-content\/uploads\/2020\/12\/AD8443C4-0290-471F-AA60-E0B87825B7F1.jpeg","jetpack_sharing_enabled":true,"jetpack_likes_enabled":true,"amp_enabled":true,"_links":{"self":[{"href":"https:\/\/encuentroinformativo.com.mx\/index.php?rest_route=\/wp\/v2\/posts\/8940","targetHints":{"allow":["GET"]}}],"collection":[{"href":"https:\/\/encuentroinformativo.com.mx\/index.php?rest_route=\/wp\/v2\/posts"}],"about":[{"href":"https:\/\/encuentroinformativo.com.mx\/index.php?rest_route=\/wp\/v2\/types\/post"}],"author":[{"embeddable":true,"href":"https:\/\/encuentroinformativo.com.mx\/index.php?rest_route=\/wp\/v2\/users\/1"}],"replies":[{"embeddable":true,"href":"https:\/\/encuentroinformativo.com.mx\/index.php?rest_route=%2Fwp%2Fv2%2Fcomments&post=8940"}],"version-history":[{"count":1,"href":"https:\/\/encuentroinformativo.com.mx\/index.php?rest_route=\/wp\/v2\/posts\/8940\/revisions"}],"predecessor-version":[{"id":8942,"href":"https:\/\/encuentroinformativo.com.mx\/index.php?rest_route=\/wp\/v2\/posts\/8940\/revisions\/8942"}],"wp:featuredmedia":[{"embeddable":true,"href":"https:\/\/encuentroinformativo.com.mx\/index.php?rest_route=\/wp\/v2\/media\/8941"}],"wp:attachment":[{"href":"https:\/\/encuentroinformativo.com.mx\/index.php?rest_route=%2Fwp%2Fv2%2Fmedia&parent=8940"}],"wp:term":[{"taxonomy":"category","embeddable":true,"href":"https:\/\/encuentroinformativo.com.mx\/index.php?rest_route=%2Fwp%2Fv2%2Fcategories&post=8940"},{"taxonomy":"post_tag","embeddable":true,"href":"https:\/\/encuentroinformativo.com.mx\/index.php?rest_route=%2Fwp%2Fv2%2Ftags&post=8940"}],"curies":[{"name":"wp","href":"https:\/\/api.w.org\/{rel}","templated":true}]}}