{"id":8948,"date":"2020-12-09T13:29:44","date_gmt":"2020-12-09T19:29:44","guid":{"rendered":"https:\/\/encuentroinformativo.com.mx\/?p=8948"},"modified":"2020-12-09T13:29:47","modified_gmt":"2020-12-09T19:29:47","slug":"escuelas-particulares-en-espera-de-fecha-para-clases-presenciales","status":"publish","type":"post","link":"https:\/\/encuentroinformativo.com.mx\/?p=8948","title":{"rendered":"Escuelas particulares en espera de fecha para clases presenciales"},"content":{"rendered":"\n<p><strong>Juan Arcos<\/strong><\/p>\n\n\n\n<p>Xalapa, Ver.- Las escuelas particulares est\u00e1n a la espera de que las autoridades educativas establezcan una fecha para el regreso a clases presenciales en el estado de Veracruz.<\/p>\n\n\n\n<p>As\u00ed lo dio a conocer Carlos Luna Escudero, presidente de la Corporaci\u00f3n de Escuelas Particulares del Estado de Veracruz, quien adem\u00e1s se pronunci\u00f3 a favor de que el titular de la Secretar\u00eda de Educaci\u00f3n P\u00fablica (SEP), Esteban Moctezuma Barrag\u00e1n, haya anunciado que los estados de Chiapas, Campeche y Veracruz, mismos que se encuentran en sem\u00e1foro epidemiol\u00f3gico verde, deben regresar a clases presenciales en enero.<\/p>\n\n\n\n<p>\u201cParece una buena medida; sin embargo, las escuelas de Veracruz, las del sector privado tomaremos todas las preocupaciones del caso, no solamente se trata de que est\u00e9n pronto en clases, sino que, de alguna manera, tambi\u00e9n se revise estrictamente el acceso y se pongan todas las condiciones sanitarias que han definido las autoridades de salud. Es una buena noticia, por supuesto, pero hay que tener todas las precauciones posibles\u201d.<\/p>\n\n\n\n<p>El entrevistado consider\u00f3 que las instituciones privadas, de todos los niveles, est\u00e1n preparadas para recibir alumnos y tener las condiciones higi\u00e9nicas necesarias para evitar los riesgos de la pandemia por SARS-COV-2 (COVID-19).<\/p>\n\n\n\n<p>En ese sentido, indic\u00f3 que la Secretar\u00eda de Educaci\u00f3n de Veracruz (SEV), a cargo de Zenyazen Escobar Garc\u00eda, deber\u00e1 informar las fechas para el reinicio de clases presenciales.<br>Luna Escudero dijo estar consciente de que la entidad debe mantenerse cuatro semanas en sem\u00e1foro epidemiol\u00f3gico verde, para considerar el regreso a las aulas, situaci\u00f3n que ha sido informada recientemente por autoridades estatales.<\/p>\n\n\n\n<p>\u201cEs la primera semana que Veracruz tiene el sem\u00e1foro verde. Luego la declaraci\u00f3n del secretario de educaci\u00f3n estatal que dice que Veracruz no corre ninguna prisa para el reinicio de clases, por eso es importante que esperemos la respuesta del gobierno del estado respecto al anuncio de la Secretar\u00eda de Educaci\u00f3n P\u00fablica\u201d, remat\u00f3.<\/p>\n","protected":false},"excerpt":{"rendered":"<p>Juan Arcos Xalapa, Ver.- Las escuelas particulares est\u00e1n a la espera de que las autoridades educativas establezcan una fecha para el regreso a clases presenciales en el estado de Veracruz. As\u00ed lo dio a conocer Carlos Luna Escudero, presidente de la Corporaci\u00f3n de Escuelas Particulares del Estado de Veracruz, quien adem\u00e1s se pronunci\u00f3 a favor [&hellip;]<\/p>\n","protected":false},"author":1,"featured_media":2536,"comment_status":"open","ping_status":"open","sticky":false,"template":"","format":"standard","meta":{"_jetpack_memberships_contains_paid_content":false,"footnotes":""},"categories":[3],"tags":[],"class_list":["post-8948","post","type-post","status-publish","format-standard","has-post-thumbnail","hentry","category-xalapa"],"jetpack_featured_media_url":"https:\/\/encuentroinformativo.com.mx\/wp-content\/uploads\/2020\/05\/8F80AF2C-FA5E-41CA-BEF4-02CF21DCB71E.jpeg","jetpack_sharing_enabled":true,"jetpack_likes_enabled":true,"amp_enabled":true,"_links":{"self":[{"href":"https:\/\/encuentroinformativo.com.mx\/index.php?rest_route=\/wp\/v2\/posts\/8948","targetHints":{"allow":["GET"]}}],"collection":[{"href":"https:\/\/encuentroinformativo.com.mx\/index.php?rest_route=\/wp\/v2\/posts"}],"about":[{"href":"https:\/\/encuentroinformativo.com.mx\/index.php?rest_route=\/wp\/v2\/types\/post"}],"author":[{"embeddable":true,"href":"https:\/\/encuentroinformativo.com.mx\/index.php?rest_route=\/wp\/v2\/users\/1"}],"replies":[{"embeddable":true,"href":"https:\/\/encuentroinformativo.com.mx\/index.php?rest_route=%2Fwp%2Fv2%2Fcomments&post=8948"}],"version-history":[{"count":1,"href":"https:\/\/encuentroinformativo.com.mx\/index.php?rest_route=\/wp\/v2\/posts\/8948\/revisions"}],"predecessor-version":[{"id":8949,"href":"https:\/\/encuentroinformativo.com.mx\/index.php?rest_route=\/wp\/v2\/posts\/8948\/revisions\/8949"}],"wp:featuredmedia":[{"embeddable":true,"href":"https:\/\/encuentroinformativo.com.mx\/index.php?rest_route=\/wp\/v2\/media\/2536"}],"wp:attachment":[{"href":"https:\/\/encuentroinformativo.com.mx\/index.php?rest_route=%2Fwp%2Fv2%2Fmedia&parent=8948"}],"wp:term":[{"taxonomy":"category","embeddable":true,"href":"https:\/\/encuentroinformativo.com.mx\/index.php?rest_route=%2Fwp%2Fv2%2Fcategories&post=8948"},{"taxonomy":"post_tag","embeddable":true,"href":"https:\/\/encuentroinformativo.com.mx\/index.php?rest_route=%2Fwp%2Fv2%2Ftags&post=8948"}],"curies":[{"name":"wp","href":"https:\/\/api.w.org\/{rel}","templated":true}]}}