{"id":8956,"date":"2020-12-09T14:53:01","date_gmt":"2020-12-09T20:53:01","guid":{"rendered":"https:\/\/encuentroinformativo.com.mx\/?p=8956"},"modified":"2020-12-09T14:53:04","modified_gmt":"2020-12-09T20:53:04","slug":"cambio-de-color-en-semaforo-epidemiologico-confunde-a-ciudadanos-empresarios","status":"publish","type":"post","link":"https:\/\/encuentroinformativo.com.mx\/?p=8956","title":{"rendered":"Cambio de color en sem\u00e1foro epidemiol\u00f3gico confunde a ciudadanos: Empresarios"},"content":{"rendered":"\n<p><strong>Dar\u00edo Pale <\/strong><\/p>\n\n\n\n<p>Xalapa, Ver.- El sector empresarial\u00a0lament\u00f3 el cambio de sem\u00e1foro epidemiologico de la entidad a verde confundi\u00f3 a la ciudadan\u00eda y el ayuntamiento se ha visto muy ausente en la pandemia, as\u00ed lo se\u00f1al\u00f3 el\u00a0coordinador de Semillero Empresarial para el Desarrollo Empresarial, Carlos Salvador Abreu Dom\u00ednguez.<\/p>\n\n\n\n<p>Entrevistado en conocido caf\u00e9 del centro de Xalapa, se\u00f1al\u00f3 que fue una mala se\u00f1al el que se haya dado a conocer que el sem\u00e1foro epidemiologico se haya pasado a verde porque eso confunde a la ciudadan\u00eda,\u00a0&#8220;en vez de ayudar ese sem\u00e1foro deber\u00edan apagarlo y mejor continuar con las medidas sanitarias de manera permanente hasta que la poblaci\u00f3n est\u00e9 vacunada&#8221;.<\/p>\n\n\n\n<p>Refiri\u00f3 que actualmente est\u00e1n llevando a cabo una campa\u00f1a denominada &#8220;empresas orgullosamente Xalape\u00f1as, empresas heroicas&#8221; las cuales con sus ahorros est\u00e1n sosteniendo los empleos, por lo\u00a0que se tiene que promover el consumo interno para apoyar al sector empresarial de la ciudad.<\/p>\n\n\n\n<p>Abreu Dom\u00ednguez indic\u00f3 que muchas empresas presentan situaci\u00f3n econ\u00f3mica complicada, pese a ello cumplir\u00e1n con el pago de aguinaldos.<\/p>\n\n\n\n<p>En cuanto al apoyo por parte del ayuntamiento de Xalapa, reconoci\u00f3 que la administraci\u00f3n municipal de Xalapa no apoyado\u00a0 al sector empresarial, por lo que se ha visto ausente, ya que han de estar ocupados con lo que fue el informe del alcalde ya que no ha existido atencion por parte de las autoridades municipales.<\/p>\n\n\n\n<p>Finalmente dio a conocer que es muy lamentable que en el ayuntamiento algunas personas est\u00e9n tratando de hacer un buen trabajo pero por parte del alcalde Hip\u00f3lito Rodr\u00edguez Herrero no tenga apertura con los empresarios no los ha atendido &#8220;porque no hay campa\u00f1a ahorita&#8221;.<\/p>\n","protected":false},"excerpt":{"rendered":"<p>Dar\u00edo Pale Xalapa, Ver.- El sector empresarial\u00a0lament\u00f3 el cambio de sem\u00e1foro epidemiologico de la entidad a verde confundi\u00f3 a la ciudadan\u00eda y el ayuntamiento se ha visto muy ausente en la pandemia, as\u00ed lo se\u00f1al\u00f3 el\u00a0coordinador de Semillero Empresarial para el Desarrollo Empresarial, Carlos Salvador Abreu Dom\u00ednguez. Entrevistado en conocido caf\u00e9 del centro de Xalapa, [&hellip;]<\/p>\n","protected":false},"author":1,"featured_media":8957,"comment_status":"open","ping_status":"open","sticky":false,"template":"","format":"standard","meta":{"_jetpack_memberships_contains_paid_content":false,"footnotes":""},"categories":[3],"tags":[],"class_list":["post-8956","post","type-post","status-publish","format-standard","has-post-thumbnail","hentry","category-xalapa"],"jetpack_featured_media_url":"https:\/\/encuentroinformativo.com.mx\/wp-content\/uploads\/2020\/12\/FF4F8F92-FEC9-46B7-85FD-629A8C564889.jpeg","jetpack_sharing_enabled":true,"jetpack_likes_enabled":true,"amp_enabled":true,"_links":{"self":[{"href":"https:\/\/encuentroinformativo.com.mx\/index.php?rest_route=\/wp\/v2\/posts\/8956","targetHints":{"allow":["GET"]}}],"collection":[{"href":"https:\/\/encuentroinformativo.com.mx\/index.php?rest_route=\/wp\/v2\/posts"}],"about":[{"href":"https:\/\/encuentroinformativo.com.mx\/index.php?rest_route=\/wp\/v2\/types\/post"}],"author":[{"embeddable":true,"href":"https:\/\/encuentroinformativo.com.mx\/index.php?rest_route=\/wp\/v2\/users\/1"}],"replies":[{"embeddable":true,"href":"https:\/\/encuentroinformativo.com.mx\/index.php?rest_route=%2Fwp%2Fv2%2Fcomments&post=8956"}],"version-history":[{"count":1,"href":"https:\/\/encuentroinformativo.com.mx\/index.php?rest_route=\/wp\/v2\/posts\/8956\/revisions"}],"predecessor-version":[{"id":8958,"href":"https:\/\/encuentroinformativo.com.mx\/index.php?rest_route=\/wp\/v2\/posts\/8956\/revisions\/8958"}],"wp:featuredmedia":[{"embeddable":true,"href":"https:\/\/encuentroinformativo.com.mx\/index.php?rest_route=\/wp\/v2\/media\/8957"}],"wp:attachment":[{"href":"https:\/\/encuentroinformativo.com.mx\/index.php?rest_route=%2Fwp%2Fv2%2Fmedia&parent=8956"}],"wp:term":[{"taxonomy":"category","embeddable":true,"href":"https:\/\/encuentroinformativo.com.mx\/index.php?rest_route=%2Fwp%2Fv2%2Fcategories&post=8956"},{"taxonomy":"post_tag","embeddable":true,"href":"https:\/\/encuentroinformativo.com.mx\/index.php?rest_route=%2Fwp%2Fv2%2Ftags&post=8956"}],"curies":[{"name":"wp","href":"https:\/\/api.w.org\/{rel}","templated":true}]}}