{"id":8962,"date":"2020-12-09T15:23:24","date_gmt":"2020-12-09T21:23:24","guid":{"rendered":"https:\/\/encuentroinformativo.com.mx\/?p=8962"},"modified":"2020-12-09T15:23:42","modified_gmt":"2020-12-09T21:23:42","slug":"pide-cazarin-a-dirigencia-morenista-renunciar-a-prerrogativas","status":"publish","type":"post","link":"https:\/\/encuentroinformativo.com.mx\/?p=8962","title":{"rendered":"Pide Cazar\u00edn a dirigencia morenista renunciar a prerrogativas"},"content":{"rendered":"\n<p><strong>Dar\u00edo Pale <\/strong><\/p>\n\n\n\n<p>Xalapa, Ver.- El presidente de la Junta de la Coordinaci\u00f3n Pol\u00edtica (JUCOPU), del congreso del estado Juan Javier G\u00f3mez Cazarin dio a conocer que debido a que la Suprema Corte de Justicia de la Naci\u00f3n (SCJN),\u00a0ech\u00f3 abajo la Reforma Electoral en Veracruz, en Morena se buscar\u00e1 que renuncie al 50 por ciento del financiamiento p\u00fablico al que tienen derecho.<\/p>\n\n\n\n<p>En entrevista dio a conocer que solicitar\u00e1 a quien este al frente de la dirigencia de su partido reintegre esos recursos al Estado para que se puedan utilizar en cualquier acci\u00f3n a favor de las y los veracruzanos, pero\u00a0primero se debe de definir la persona que quedar\u00e1 al frente de la dirigencia estatal, pues al momento no se cuenta con alguien a la cabeza.<\/p>\n\n\n\n<p>Cabe recordar que deben de ser \u00e9ste mes de diciembre cuando el Comit\u00e9 Directivo Estatal lance una convocatoria o encuesta sobre qui\u00e9n los representar\u00e1; actualmente Esteban Ram\u00edrez Zepeta busca quedar al frente.<\/p>\n\n\n\n<p>Finalmente Juan Javier G\u00f3mez Cazar\u00edn declar\u00f3 que se deben de esperar los tiempos, aunque insisti\u00f3, se busca que las prerrogativas se reintegren hasta en un 50 por ciento, se\u00f1al\u00f3 que las\u00a0prerrogativas que llegan a Morena se van a una bolsa del Comit\u00e9 Ejecutivo Nacional, y luego, estos son enviados a las dirigencias estatales.<\/p>\n","protected":false},"excerpt":{"rendered":"<p>Dar\u00edo Pale Xalapa, Ver.- El presidente de la Junta de la Coordinaci\u00f3n Pol\u00edtica (JUCOPU), del congreso del estado Juan Javier G\u00f3mez Cazarin dio a conocer que debido a que la Suprema Corte de Justicia de la Naci\u00f3n (SCJN),\u00a0ech\u00f3 abajo la Reforma Electoral en Veracruz, en Morena se buscar\u00e1 que renuncie al 50 por ciento del [&hellip;]<\/p>\n","protected":false},"author":1,"featured_media":727,"comment_status":"open","ping_status":"open","sticky":false,"template":"","format":"standard","meta":{"_jetpack_memberships_contains_paid_content":false,"footnotes":""},"categories":[2],"tags":[],"class_list":["post-8962","post","type-post","status-publish","format-standard","has-post-thumbnail","hentry","category-estado"],"jetpack_featured_media_url":"https:\/\/encuentroinformativo.com.mx\/wp-content\/uploads\/2020\/03\/16F19BD0-DDEB-4DDC-A17D-F6F980C63B3C.jpeg","jetpack_sharing_enabled":true,"jetpack_likes_enabled":true,"amp_enabled":true,"_links":{"self":[{"href":"https:\/\/encuentroinformativo.com.mx\/index.php?rest_route=\/wp\/v2\/posts\/8962","targetHints":{"allow":["GET"]}}],"collection":[{"href":"https:\/\/encuentroinformativo.com.mx\/index.php?rest_route=\/wp\/v2\/posts"}],"about":[{"href":"https:\/\/encuentroinformativo.com.mx\/index.php?rest_route=\/wp\/v2\/types\/post"}],"author":[{"embeddable":true,"href":"https:\/\/encuentroinformativo.com.mx\/index.php?rest_route=\/wp\/v2\/users\/1"}],"replies":[{"embeddable":true,"href":"https:\/\/encuentroinformativo.com.mx\/index.php?rest_route=%2Fwp%2Fv2%2Fcomments&post=8962"}],"version-history":[{"count":1,"href":"https:\/\/encuentroinformativo.com.mx\/index.php?rest_route=\/wp\/v2\/posts\/8962\/revisions"}],"predecessor-version":[{"id":8963,"href":"https:\/\/encuentroinformativo.com.mx\/index.php?rest_route=\/wp\/v2\/posts\/8962\/revisions\/8963"}],"wp:featuredmedia":[{"embeddable":true,"href":"https:\/\/encuentroinformativo.com.mx\/index.php?rest_route=\/wp\/v2\/media\/727"}],"wp:attachment":[{"href":"https:\/\/encuentroinformativo.com.mx\/index.php?rest_route=%2Fwp%2Fv2%2Fmedia&parent=8962"}],"wp:term":[{"taxonomy":"category","embeddable":true,"href":"https:\/\/encuentroinformativo.com.mx\/index.php?rest_route=%2Fwp%2Fv2%2Fcategories&post=8962"},{"taxonomy":"post_tag","embeddable":true,"href":"https:\/\/encuentroinformativo.com.mx\/index.php?rest_route=%2Fwp%2Fv2%2Ftags&post=8962"}],"curies":[{"name":"wp","href":"https:\/\/api.w.org\/{rel}","templated":true}]}}