{"id":8989,"date":"2020-12-10T15:34:39","date_gmt":"2020-12-10T21:34:39","guid":{"rendered":"https:\/\/encuentroinformativo.com.mx\/?p=8989"},"modified":"2020-12-10T15:34:41","modified_gmt":"2020-12-10T21:34:41","slug":"siop-no-entrego-contratos-por-adjudicacion-directa-segun-subsecretario","status":"publish","type":"post","link":"https:\/\/encuentroinformativo.com.mx\/?p=8989","title":{"rendered":"SIOP no entreg\u00f3 contratos por adjudicaci\u00f3n directa, seg\u00fan subsecretario"},"content":{"rendered":"\n<p><strong>Dar\u00edo Pale <\/strong><\/p>\n\n\n\n<p>Xalapa, Ver.- Rechazan que en la Secretar\u00eda de Infraestructura y Obras P\u00fablicas (SIOP), se hayan otorgado contratos por adjudicaci\u00f3n directa, as\u00ed lo inform\u00f3 el\u00a0subsecretario de Infraestructura y Obra P\u00fablica en Veracruz, Fernando El\u00edas Guevara.<\/p>\n\n\n\n<p>Entrevistado en el Congreso del Estado, se\u00f1al\u00f3 que todos los proyectos que realizaron durante este 2020 tuvieron una convocatoria de licitaci\u00f3n para que las empresas pudieran participar a fin de ganar un contrato y construcci\u00f3n de obras,\u00a0\u201ctodo lo que se hizo se hizo conforme a la Ley\u201d, insisti\u00f3 al tiempo que rechaz\u00f3 las declaraciones de que en el Gobierno de Veracruz se dieron adjudicaciones directas.<\/p>\n\n\n\n<p>Coment\u00f3 que tan s\u00f3lo \u00e9l, en la subsecretar\u00eda a su cargo no cuenta con m\u00e1s de 70 proyectos, los cuales se dieron conforme lo marca la Ley.<\/p>\n\n\n\n<p>Cabe recordar que la contralora general del estado, Mercedes Santoyo, reconoci\u00f3 que la mayor\u00eda de las obras de este gobierno no cumplen con la Ley de Adquisiciones, realizando 19 mil 400 adjudicaciones directas en las obras de este 2020.<\/p>\n","protected":false},"excerpt":{"rendered":"<p>Dar\u00edo Pale Xalapa, Ver.- Rechazan que en la Secretar\u00eda de Infraestructura y Obras P\u00fablicas (SIOP), se hayan otorgado contratos por adjudicaci\u00f3n directa, as\u00ed lo inform\u00f3 el\u00a0subsecretario de Infraestructura y Obra P\u00fablica en Veracruz, Fernando El\u00edas Guevara. Entrevistado en el Congreso del Estado, se\u00f1al\u00f3 que todos los proyectos que realizaron durante este 2020 tuvieron una convocatoria [&hellip;]<\/p>\n","protected":false},"author":1,"featured_media":8990,"comment_status":"open","ping_status":"open","sticky":false,"template":"","format":"standard","meta":{"_jetpack_memberships_contains_paid_content":false,"footnotes":""},"categories":[2],"tags":[],"class_list":["post-8989","post","type-post","status-publish","format-standard","has-post-thumbnail","hentry","category-estado"],"jetpack_featured_media_url":"https:\/\/encuentroinformativo.com.mx\/wp-content\/uploads\/2020\/12\/77A57F35-C024-408D-B852-1152F5AA7D74.jpeg","jetpack_sharing_enabled":true,"jetpack_likes_enabled":true,"amp_enabled":true,"_links":{"self":[{"href":"https:\/\/encuentroinformativo.com.mx\/index.php?rest_route=\/wp\/v2\/posts\/8989","targetHints":{"allow":["GET"]}}],"collection":[{"href":"https:\/\/encuentroinformativo.com.mx\/index.php?rest_route=\/wp\/v2\/posts"}],"about":[{"href":"https:\/\/encuentroinformativo.com.mx\/index.php?rest_route=\/wp\/v2\/types\/post"}],"author":[{"embeddable":true,"href":"https:\/\/encuentroinformativo.com.mx\/index.php?rest_route=\/wp\/v2\/users\/1"}],"replies":[{"embeddable":true,"href":"https:\/\/encuentroinformativo.com.mx\/index.php?rest_route=%2Fwp%2Fv2%2Fcomments&post=8989"}],"version-history":[{"count":1,"href":"https:\/\/encuentroinformativo.com.mx\/index.php?rest_route=\/wp\/v2\/posts\/8989\/revisions"}],"predecessor-version":[{"id":8991,"href":"https:\/\/encuentroinformativo.com.mx\/index.php?rest_route=\/wp\/v2\/posts\/8989\/revisions\/8991"}],"wp:featuredmedia":[{"embeddable":true,"href":"https:\/\/encuentroinformativo.com.mx\/index.php?rest_route=\/wp\/v2\/media\/8990"}],"wp:attachment":[{"href":"https:\/\/encuentroinformativo.com.mx\/index.php?rest_route=%2Fwp%2Fv2%2Fmedia&parent=8989"}],"wp:term":[{"taxonomy":"category","embeddable":true,"href":"https:\/\/encuentroinformativo.com.mx\/index.php?rest_route=%2Fwp%2Fv2%2Fcategories&post=8989"},{"taxonomy":"post_tag","embeddable":true,"href":"https:\/\/encuentroinformativo.com.mx\/index.php?rest_route=%2Fwp%2Fv2%2Ftags&post=8989"}],"curies":[{"name":"wp","href":"https:\/\/api.w.org\/{rel}","templated":true}]}}