{"id":9018,"date":"2020-12-11T08:43:47","date_gmt":"2020-12-11T14:43:47","guid":{"rendered":"https:\/\/encuentroinformativo.com.mx\/?p=9018"},"modified":"2020-12-11T08:43:50","modified_gmt":"2020-12-11T14:43:50","slug":"felices-46-notiver","status":"publish","type":"post","link":"https:\/\/encuentroinformativo.com.mx\/?p=9018","title":{"rendered":"\u00a1FELICES 46, NOTIVER!"},"content":{"rendered":"\n<ul class=\"wp-block-list\"><li>Brigada m\u00e9dica de veracruzanos va en apoyo a la CDMX.<\/li><li>Entregan Galard\u00f3n Tur\u00edstico &#8220;Mi Veracruz 2020&#8221;.<\/li><li>Balazos en Xalapa y Emiliano Zapata.<\/li><\/ul>\n\n\n\n<p>Fue una noche chiquita perfecta\u2026 Bon voyage\u2026<br>&#8211;Chopenjawer<\/p>\n\n\n\n<p>Desde Minatitl\u00e1n &#8211;donde estudi\u00e9 la carrera de Ciencias de la Comunicaci\u00f3n&#8211; ya se hablaba de NOTIVER como un referente en el periodismo veracruzano.<\/p>\n\n\n\n<p>Maestros y compa\u00f1eros de trabajo que estudiaron o vivieron en el puerto de Veracruz recordaban sus cabezas de ocho columnas que (la neta, padre) son motivo de una sonrisa para arrancar el d\u00eda con muy buen humor.<\/p>\n\n\n\n<p>De dos me acuerdo muy bien: &#8220;A 15 pesos por nalga&#8221;, en referencia al costo de las gradas del Carnaval de Veracruz; y &#8220;Gl\u00fa-Gl\u00fa&#8221;, que fue por inundaciones en el puerto.<\/p>\n\n\n\n<p>La profe Leticia me cont\u00f3 que lleg\u00f3 a trabajar ah\u00ed junto a quien ser\u00eda su esposo; que hizo sus pininos y primeras notas en ese diario, sin saber que un d\u00eda le pagar\u00edan y que ese dinero se lo ten\u00eda guardado Don Alfonso Salces, el legendario propietario y director del NOTIVER, quien le pregunt\u00f3 con su particular estilo bromista: &#8220;Bueno, \u00bfy usted no piensa cobrar o qu\u00e9?&#8221;.<\/p>\n\n\n\n<p>Cuando se imprim\u00eda el primer n\u00famero del diario Notisur de Coatzacoalcos por ah\u00ed del 2009, el entonces director general, C\u00e9sar Augusto V\u00e1zquez Chagoya (abrazote hasta el cielo, patr\u00f3n) tom\u00f3 su celular y le habl\u00f3 a Don Alfonso Salces &#8211;con quien lleg\u00f3 a tener una buena amistad; luego se distanciaron&#8211; para decirle que el naciente peri\u00f3dico ser\u00eda un homenaje al NOTIVER, por su apego al sector popular y su jarocha irreverencia.<\/p>\n\n\n\n<p>Amigos que llegaron a trabajar en el Ayuntamiento de Veracruz me contaban que se pon\u00edan de acuerdo temprano para ir a buscar el NOTIVER; ah\u00ed se dieron cuenta que algunas veces no sal\u00eda por la madrugada, lo que significaba que imprimieron algo muy bueno de \u00faltima hora y cerraron tarde la edici\u00f3n.<\/p>\n\n\n\n<p>Ese horario de cerrar en la madrugada, lo m\u00e1s tarde posible para ganarle notas (especialmente las policiacas) a los dem\u00e1s medios, fue algo que tambi\u00e9n se hizo en el Notisur.<\/p>\n\n\n\n<p>Pasaron los a\u00f1os y debo confesar que el NOTIVER volv\u00ed a leerlo casi diario cuando llegu\u00e9 a trabajar a la Jefatura de Informaci\u00f3n a Comunicaci\u00f3n Social del Gobierno de Veracruz. Eran los \u00faltimos meses de Javid\u00fa y era un medio al que se le dedicaba especial atenci\u00f3n en el monitoreo.<\/p>\n\n\n\n<p>El 18 de febrero de este a\u00f1o terror\u00edfico y &#8220;pand\u00e9mico&#8221; mand\u00e9 mi primera columna &#8220;Speshial Edishion&#8221; para NOTIVER.<\/p>\n\n\n\n<p>Luego de una serie de correos amistosos, logr\u00e9 concertar una cita con Don Alfonso Salces para ir a saludarlo personalmente. La neta iba todo medio sacado de onda porque sab\u00eda de la importancia del &#8220;Gallego&#8221; (como le dicen en el gremio) y su hist\u00f3rica trascendencia en el puerto de Veracruz.<\/p>\n\n\n\n<p>O sea, me iba a sentar con un \u00edcono del periodismo veracruzano.<\/p>\n\n\n\n<p>La neta, no pod\u00eda creer que iba a escribir para el diario m\u00e1s importante e influyente de la zona Veracruz-Boca del R\u00edo. Pero lo que realmente se me hac\u00eda incre\u00edble, es que fuese Don Alfonso quien me ofreciera un espacio para colaborar en el NOTIVER.<\/p>\n\n\n\n<p>Luego de caf\u00e9 y muchos cigarros, una pl\u00e1tica inolvidable, pos-claro-que-a-huevo que le dije que s\u00ed.<\/p>\n\n\n\n<p>Para mi es un honor estar entre las p\u00e1ginas del NOTIVER y eso es algo que voy a estar siempre agradecido con Don Alfonso, a quien no he podido saludar personalmente otra vez por esta maldita pandemia, pero de vez en cuando es alguien que molesto por tel\u00e9fono con alguna bober\u00eda.<\/p>\n\n\n\n<p>Este 12 de diciembre (bien guadalupanos), el NOTIVER cumple 46 a\u00f1os de existencia como el peri\u00f3dico m\u00e1s influyente de la regi\u00f3n Veracruz-Boca del R\u00edo. Sigue teniendo titulares muy creativos y no ha cambiado su estilo.<\/p>\n\n\n\n<p>El NOTIVER es sencillamente un peri\u00f3dico muy jarocho y adem\u00e1s sigue siendo escuela para muchos. Sigue siendo referente; el que no lo quiera ver as\u00ed, sencillamente no entender\u00e1 el puerto y su historia.<\/p>\n\n\n\n<p>Tradicionalmente se celebraba el aniversario con una carrera y un desayuno con el heroico cuerpo de voceadores, pero por el Covid-19 todo se suspendi\u00f3, seg\u00fan me platica el jefe Ra\u00fal Olivares, brazo derecho de Don Alfonso.<\/p>\n\n\n\n<p>Ni modo, nos toc\u00f3 pandemia, pero la felicitaci\u00f3n es sincera y con mucho afecto. El agradecimiento es eterno.<\/p>\n\n\n\n<p>Tambi\u00e9n muchas felicidades para todos, todas, tedes, los que est\u00e1n en NOTIVER. Muchos, much\u00edsimos a\u00f1os m\u00e1s.<\/p>\n\n\n\n<p><strong>NOTA PARA PEGAR EN EL REFRI:<\/strong> Que una brigada m\u00e9dica conformada por 25 m\u00e9dicos (un primer grupo; pronto van otros 25) salieron este viernes de Xalapa a la Ciudad de M\u00e9xico en apoyo a hospitales de la capital del pa\u00eds. Se trata de verdaderos h\u00e9roes voluntarios que ir\u00e1n a ayudar a megal\u00f3polis que tiene saturados los servicios m\u00e9dicos y hospitales por el Covid-19. Lo anterior fue recibido con mucho agradecimiento por la jefa de Gobierno, Claudia Sheinbaum, quien lo public\u00f3 en Twitter.<\/p>\n\n\n\n<p><strong>OTRA NOTA: <\/strong>El Gobierno del Estado, a trav\u00e9s de la Secretar\u00eda de Turismo y Cultura (SECTUR), entreg\u00f3 el Galard\u00f3n Tur\u00edstico \u201cMi Veracruz 2020\u201d a lo m\u00e1s destacado de la gastronom\u00eda, hoteler\u00eda, turoperadores y nuevos valores, quienes han contribuido a elevar la calidad y proyectar una imagen de excelencia. Ante representantes de empresas y personas premiadas, el gobernador Cuitl\u00e1huac Garc\u00eda Jim\u00e9nez se\u00f1al\u00f3 que el turismo es una de las actividades econ\u00f3micas que caracterizan a Veracruz; al tiempo de expresar que dicho reconocimiento es un est\u00edmulo a aquellos que se preocupan siempre por brindar calidad.<\/p>\n\n\n\n<p><strong>LA \u00daLTIMA PORQUE ES VIEEEERNEEEEES, PADRE SANTO:<\/strong> En Xalapa-Emiliano Zapata se solt\u00f3 el pituche buch\u00f3n la noche de este jueves: por Cerro Gordo le echaron plomazos a un jefe policiaco de la ESE-ESE-PE; y en la capital veracruzana se sabe que hubo mucho movimiento policiaco y detonaciones por las calles de las colonias Jos\u00e9 Cardel y Benito Ju\u00e1rez.<\/p>\n\n\n\n<p><strong>@pablojair<\/strong><\/p>\n","protected":false},"excerpt":{"rendered":"<p>Brigada m\u00e9dica de veracruzanos va en apoyo a la CDMX. Entregan Galard\u00f3n Tur\u00edstico &#8220;Mi Veracruz 2020&#8221;. Balazos en Xalapa y Emiliano Zapata. Fue una noche chiquita perfecta\u2026 Bon voyage\u2026&#8211;Chopenjawer Desde Minatitl\u00e1n &#8211;donde estudi\u00e9 la carrera de Ciencias de la Comunicaci\u00f3n&#8211; ya se hablaba de NOTIVER como un referente en el periodismo veracruzano. Maestros y compa\u00f1eros [&hellip;]<\/p>\n","protected":false},"author":1,"featured_media":488,"comment_status":"open","ping_status":"open","sticky":false,"template":"","format":"standard","meta":{"_jetpack_memberships_contains_paid_content":false,"footnotes":""},"categories":[11],"tags":[],"class_list":["post-9018","post","type-post","status-publish","format-standard","has-post-thumbnail","hentry","category-opinion"],"jetpack_featured_media_url":"https:\/\/encuentroinformativo.com.mx\/wp-content\/uploads\/2020\/03\/F471F608-BA1A-416B-BA7B-BCFB24F4E6D0.jpeg","jetpack_sharing_enabled":true,"jetpack_likes_enabled":true,"amp_enabled":true,"_links":{"self":[{"href":"https:\/\/encuentroinformativo.com.mx\/index.php?rest_route=\/wp\/v2\/posts\/9018","targetHints":{"allow":["GET"]}}],"collection":[{"href":"https:\/\/encuentroinformativo.com.mx\/index.php?rest_route=\/wp\/v2\/posts"}],"about":[{"href":"https:\/\/encuentroinformativo.com.mx\/index.php?rest_route=\/wp\/v2\/types\/post"}],"author":[{"embeddable":true,"href":"https:\/\/encuentroinformativo.com.mx\/index.php?rest_route=\/wp\/v2\/users\/1"}],"replies":[{"embeddable":true,"href":"https:\/\/encuentroinformativo.com.mx\/index.php?rest_route=%2Fwp%2Fv2%2Fcomments&post=9018"}],"version-history":[{"count":1,"href":"https:\/\/encuentroinformativo.com.mx\/index.php?rest_route=\/wp\/v2\/posts\/9018\/revisions"}],"predecessor-version":[{"id":9019,"href":"https:\/\/encuentroinformativo.com.mx\/index.php?rest_route=\/wp\/v2\/posts\/9018\/revisions\/9019"}],"wp:featuredmedia":[{"embeddable":true,"href":"https:\/\/encuentroinformativo.com.mx\/index.php?rest_route=\/wp\/v2\/media\/488"}],"wp:attachment":[{"href":"https:\/\/encuentroinformativo.com.mx\/index.php?rest_route=%2Fwp%2Fv2%2Fmedia&parent=9018"}],"wp:term":[{"taxonomy":"category","embeddable":true,"href":"https:\/\/encuentroinformativo.com.mx\/index.php?rest_route=%2Fwp%2Fv2%2Fcategories&post=9018"},{"taxonomy":"post_tag","embeddable":true,"href":"https:\/\/encuentroinformativo.com.mx\/index.php?rest_route=%2Fwp%2Fv2%2Ftags&post=9018"}],"curies":[{"name":"wp","href":"https:\/\/api.w.org\/{rel}","templated":true}]}}