{"id":9028,"date":"2020-12-11T11:55:15","date_gmt":"2020-12-11T17:55:15","guid":{"rendered":"https:\/\/encuentroinformativo.com.mx\/?p=9028"},"modified":"2020-12-11T11:55:18","modified_gmt":"2020-12-11T17:55:18","slug":"promueven-participacion-de-sociedad-civil-en-medellin-de-bravo","status":"publish","type":"post","link":"https:\/\/encuentroinformativo.com.mx\/?p=9028","title":{"rendered":"Promueven participaci\u00f3n de sociedad civil en Medell\u00edn de Bravo"},"content":{"rendered":"\n<p><strong>Alejandro \u00c1vila<\/strong><\/p>\n\n\n\n<p>Medell\u00edn de Bravo, Ver.- Los gobiernos municipales no pueden o no quieren hacer todo para mejorar la calidad de vida de sus ciudadanos, por lo que tambi\u00e9n la participaci\u00f3n de la sociedad civil es importante para evitar un &#8220;estancamiento&#8221; econ\u00f3mico y de infraestructura.<\/p>\n\n\n\n<p>La coordinaci\u00f3n operativa de Movimiento Ciudadano firm\u00f3 esta semana un convenio con la Asociaci\u00f3n Civil &#8220;Memo Medell\u00edn en Movimiento&#8221;, con la finalidad de ejecutar acciones que beneficien a decenas de familias de localidades que han sido abandonadas durante a\u00f1os.<\/p>\n\n\n\n<p>Estos convenios se presume se har\u00e1n con m\u00e1s asociaciones, pues se busca crear una red de apoyo a los ciudadanos de Medell\u00edn de Bravo.<\/p>\n\n\n\n<p>Guillermo Herrada Jim\u00e9nez, Coordinador Operativo de Movimiento Ciudadano en Medell\u00edn, reconoci\u00f3 la importancia de trabajar de manera conjunta con otras organizaciones civiles, de esta manera, expres\u00f3; se conseguir\u00e1 la mejora en servicios municipales b\u00e1sicos como son: alumbrado p\u00fablico, recolecci\u00f3n puntual de basura y espacios&nbsp; de convivencia seguros para toda las familias.<\/p>\n\n\n\n<p>\u201cEs importante mencionar que sabemos las grandes necesidades que tiene este municipio, y s\u00e9 reconocer que para hacer crecer a Medell\u00edn de Bravo necesitamos la colaboraci\u00f3n de varias organizaciones civiles que busquen el bien com\u00fan de los medellinenses. Las coincidencias sociales basadas en el principio b\u00e1sico de la solidaridad y empat\u00eda&#8221;, manifest\u00f3 Herrada Jim\u00e9nez.<\/p>\n\n\n\n<p>En el mismo sentido, expres\u00f3 que el sector empresarial de este municipio, uno de los m\u00e1s grandes en extensi\u00f3n territorial en la entidad veracruzana, ha manifestado que es momento de trabajar para que Medell\u00edn de Bravo progrese.&nbsp;<\/p>\n\n\n\n<p>En la firma de este convenio estuvieron presentes Javier L\u00f3pez Chente Betanzos, representante legal de la agrupaci\u00f3n MeMo Medell\u00edn en Movimiento A.C. y&nbsp; Liliana Utrera Lara, Secretaria de Organizaci\u00f3n de Movimiento Ciudadano en Medell\u00edn de Bravo.<\/p>\n","protected":false},"excerpt":{"rendered":"<p>Alejandro \u00c1vila Medell\u00edn de Bravo, Ver.- Los gobiernos municipales no pueden o no quieren hacer todo para mejorar la calidad de vida de sus ciudadanos, por lo que tambi\u00e9n la participaci\u00f3n de la sociedad civil es importante para evitar un &#8220;estancamiento&#8221; econ\u00f3mico y de infraestructura. La coordinaci\u00f3n operativa de Movimiento Ciudadano firm\u00f3 esta semana un [&hellip;]<\/p>\n","protected":false},"author":1,"featured_media":9029,"comment_status":"open","ping_status":"open","sticky":false,"template":"","format":"standard","meta":{"_jetpack_memberships_contains_paid_content":false,"footnotes":""},"categories":[2],"tags":[],"class_list":["post-9028","post","type-post","status-publish","format-standard","has-post-thumbnail","hentry","category-estado"],"jetpack_featured_media_url":"https:\/\/encuentroinformativo.com.mx\/wp-content\/uploads\/2020\/12\/B7190051-E578-4A2D-8041-9DEFFAC607B8.jpeg","jetpack_sharing_enabled":true,"jetpack_likes_enabled":true,"amp_enabled":true,"_links":{"self":[{"href":"https:\/\/encuentroinformativo.com.mx\/index.php?rest_route=\/wp\/v2\/posts\/9028","targetHints":{"allow":["GET"]}}],"collection":[{"href":"https:\/\/encuentroinformativo.com.mx\/index.php?rest_route=\/wp\/v2\/posts"}],"about":[{"href":"https:\/\/encuentroinformativo.com.mx\/index.php?rest_route=\/wp\/v2\/types\/post"}],"author":[{"embeddable":true,"href":"https:\/\/encuentroinformativo.com.mx\/index.php?rest_route=\/wp\/v2\/users\/1"}],"replies":[{"embeddable":true,"href":"https:\/\/encuentroinformativo.com.mx\/index.php?rest_route=%2Fwp%2Fv2%2Fcomments&post=9028"}],"version-history":[{"count":1,"href":"https:\/\/encuentroinformativo.com.mx\/index.php?rest_route=\/wp\/v2\/posts\/9028\/revisions"}],"predecessor-version":[{"id":9030,"href":"https:\/\/encuentroinformativo.com.mx\/index.php?rest_route=\/wp\/v2\/posts\/9028\/revisions\/9030"}],"wp:featuredmedia":[{"embeddable":true,"href":"https:\/\/encuentroinformativo.com.mx\/index.php?rest_route=\/wp\/v2\/media\/9029"}],"wp:attachment":[{"href":"https:\/\/encuentroinformativo.com.mx\/index.php?rest_route=%2Fwp%2Fv2%2Fmedia&parent=9028"}],"wp:term":[{"taxonomy":"category","embeddable":true,"href":"https:\/\/encuentroinformativo.com.mx\/index.php?rest_route=%2Fwp%2Fv2%2Fcategories&post=9028"},{"taxonomy":"post_tag","embeddable":true,"href":"https:\/\/encuentroinformativo.com.mx\/index.php?rest_route=%2Fwp%2Fv2%2Ftags&post=9028"}],"curies":[{"name":"wp","href":"https:\/\/api.w.org\/{rel}","templated":true}]}}