{"id":903,"date":"2020-03-14T11:43:50","date_gmt":"2020-03-14T17:43:50","guid":{"rendered":"https:\/\/encuentroinformativo.com\/?p=903"},"modified":"2020-03-14T11:43:52","modified_gmt":"2020-03-14T17:43:52","slug":"estamos-contagiados-de-covid-19","status":"publish","type":"post","link":"https:\/\/encuentroinformativo.com.mx\/?p=903","title":{"rendered":"Estamos contagiados de COVID-19"},"content":{"rendered":"\n<p><strong>N\u00fameros Rojos<\/strong><\/p>\n\n\n\n<p><strong>Brenda Caballero<\/strong><\/p>\n\n\n\n<p>Escucho reprocharle a una de sus amigas que no lo lleve al Vive Latino, el Festival Iberoamericano de Cultura que atrae a m\u00e1s de 70 mil personas diariamente y que se llevar\u00e1 a cabo este 14 y 15 de marzo, es decir: hoy s\u00e1bado y ma\u00f1ana domingo en el Foro Sol de la Ciudad de M\u00e9xico (aprovechando el puente largo que nos da el natalicio de Benito Ju\u00e1rez).<\/p>\n\n\n\n<p>De inmediato pienso en el Coronavirus. Y no es por ser catastrofista, sino porque desde que me levanto hasta que me acuesto, las noticias sobre el Covid-19 no dejan de fluir. Medidas de prevenci\u00f3n, informaci\u00f3n sobre el virus, n\u00famero de contagiados y muertos en el mundo, mucha informaci\u00f3n ver\u00eddica y tambi\u00e9n una que otra fake&nbsp; hacen que el virus ya haya contagiado nuestra cotidiana vida.<\/p>\n\n\n\n<p>Ac\u00e1 en M\u00e9xico, a pesar de ver a otros pa\u00edses del mundo con su poblaci\u00f3n contagiada y en cuarentena, nos hac\u00eda llevar una vida normal, al menos hasta antes del 11 de marzo, que la Organizaci\u00f3n Mundial de la Salud declar\u00f3 que el Covid-19 dej\u00f3 de ser una epidemia y se convirti\u00f3 en Pandemia, afectando a m\u00e1s de 100 pa\u00edses en el mundo.<\/p>\n\n\n\n<p>Con el pronunciamiento de la OMS como que cambi\u00f3 un poco la cosa, pues se invit\u00f3 a los pa\u00edses a trabajar en conjunto para contener el virus, pero el detonante real fue la Emergencia Nacional declarada por Donald Trump.<\/p>\n\n\n\n<p>En M\u00e9xico, la primera v\u00edctima fue el Tianguis Tur\u00edstico de M\u00e9rida, pues su edici\u00f3n 45 se cancel\u00f3 a pesar de ser un evento con altas cifras positivas que atrae turismo internacional. Llama la atenci\u00f3n que la informaci\u00f3n de la cancelaci\u00f3n surge de la Secretar\u00eda de Turismo y no de la Secretar\u00eda de Salud. El evento ser\u00e1 pospuesto hasta septiembre.<\/p>\n\n\n\n<p>Entonces \u00bfPor qu\u00e9 no se cancela el Vive Latino, la Cumbre Taj\u00edn u otros eventos que se tienen en puerta y que pueden ser un gran foco de infecci\u00f3n del Covid-19 por su concentraci\u00f3n masiva?<\/p>\n\n\n\n<p>Desde luego que siempre habr\u00e1 quien vaya a los eventos masivos como la amiga de mi amigo, pero \u00bfes recomendable? Seg\u00fan la OMS, No.<\/p>\n\n\n\n<p>Desde luego que la cancelaci\u00f3n de estos eventos que se han planeado desde meses atr\u00e1s repercute en la econom\u00eda de cualquier estado, pero ante la pandemia, la salud deber\u00eda priorizarse. \u00bfNo lo cree Usted?<\/p>\n\n\n\n<p>Al menos as\u00ed lo est\u00e1n entendiendo algunos artistas que han emitido comunicados para cancelar sus presentaciones, como Fangoria, que tocar\u00eda en el Vive Latino 2020. Fangoria ha dicho que lo hace como una medida de responsabilidad y respeto hacia los dem\u00e1s.<\/p>\n\n\n\n<p>No es por entrar en p\u00e1nico por el Covid-19, pero al menos deber\u00edamos de seguir el ejemplo de la banda madrile\u00f1a y evitar los eventos masivos por responsabilidad y respeto hacia los dem\u00e1s. \u00bfO acaso esperamos una medida extrema de estar en nuestras casas en cuarentena como en Italia?<\/p>\n\n\n\n<p>@NumerosRojos_BC<\/p>\n\n\n\n<p><a href=\"mailto:caballero_brenda@hotmail.com\" target=\"_blank\" rel=\"noreferrer noopener\">caballero_brenda@hotmail.com<\/a>&nbsp;<\/p>\n","protected":false},"excerpt":{"rendered":"<p>N\u00fameros Rojos Brenda Caballero Escucho reprocharle a una de sus amigas que no lo lleve al Vive Latino, el Festival Iberoamericano de Cultura que atrae a m\u00e1s de 70 mil personas diariamente y que se llevar\u00e1 a cabo este 14 y 15 de marzo, es decir: hoy s\u00e1bado y ma\u00f1ana domingo en el Foro Sol [&hellip;]<\/p>\n","protected":false},"author":1,"featured_media":70,"comment_status":"open","ping_status":"open","sticky":false,"template":"","format":"standard","meta":{"_jetpack_memberships_contains_paid_content":false,"footnotes":""},"categories":[11],"tags":[],"class_list":["post-903","post","type-post","status-publish","format-standard","has-post-thumbnail","hentry","category-opinion"],"jetpack_featured_media_url":"https:\/\/encuentroinformativo.com.mx\/wp-content\/uploads\/2020\/02\/opinion-invitado.jpg","jetpack_sharing_enabled":true,"jetpack_likes_enabled":true,"amp_enabled":true,"_links":{"self":[{"href":"https:\/\/encuentroinformativo.com.mx\/index.php?rest_route=\/wp\/v2\/posts\/903","targetHints":{"allow":["GET"]}}],"collection":[{"href":"https:\/\/encuentroinformativo.com.mx\/index.php?rest_route=\/wp\/v2\/posts"}],"about":[{"href":"https:\/\/encuentroinformativo.com.mx\/index.php?rest_route=\/wp\/v2\/types\/post"}],"author":[{"embeddable":true,"href":"https:\/\/encuentroinformativo.com.mx\/index.php?rest_route=\/wp\/v2\/users\/1"}],"replies":[{"embeddable":true,"href":"https:\/\/encuentroinformativo.com.mx\/index.php?rest_route=%2Fwp%2Fv2%2Fcomments&post=903"}],"version-history":[{"count":1,"href":"https:\/\/encuentroinformativo.com.mx\/index.php?rest_route=\/wp\/v2\/posts\/903\/revisions"}],"predecessor-version":[{"id":904,"href":"https:\/\/encuentroinformativo.com.mx\/index.php?rest_route=\/wp\/v2\/posts\/903\/revisions\/904"}],"wp:featuredmedia":[{"embeddable":true,"href":"https:\/\/encuentroinformativo.com.mx\/index.php?rest_route=\/wp\/v2\/media\/70"}],"wp:attachment":[{"href":"https:\/\/encuentroinformativo.com.mx\/index.php?rest_route=%2Fwp%2Fv2%2Fmedia&parent=903"}],"wp:term":[{"taxonomy":"category","embeddable":true,"href":"https:\/\/encuentroinformativo.com.mx\/index.php?rest_route=%2Fwp%2Fv2%2Fcategories&post=903"},{"taxonomy":"post_tag","embeddable":true,"href":"https:\/\/encuentroinformativo.com.mx\/index.php?rest_route=%2Fwp%2Fv2%2Ftags&post=903"}],"curies":[{"name":"wp","href":"https:\/\/api.w.org\/{rel}","templated":true}]}}