{"id":9051,"date":"2020-12-11T14:56:06","date_gmt":"2020-12-11T20:56:06","guid":{"rendered":"https:\/\/encuentroinformativo.com.mx\/?p=9051"},"modified":"2020-12-11T14:56:08","modified_gmt":"2020-12-11T20:56:08","slug":"el-2020-caotico-para-empresarios-canacintra","status":"publish","type":"post","link":"https:\/\/encuentroinformativo.com.mx\/?p=9051","title":{"rendered":"El 2020 ca\u00f3tico para empresarios: Canacintra"},"content":{"rendered":"\n<p><strong>Dar\u00edo Pale <\/strong><\/p>\n\n\n\n<p>Xalapa, Ver.- El vicepresidente nacional de la Canacintra, Juan Manuel Garc\u00eda Gonz\u00e1lez, advirti\u00f3 que los integrantes de la C\u00e1mara cerrar\u00e1n muy mal el 2020,\u00a0coment\u00f3 que algunas empresas que ten\u00edan proyectos para finales de este a\u00f1o, los tuvieron que cancelar.<\/p>\n\n\n\n<p>Entrevistado en conocido caf\u00e9 del centro de Xalapa, lament\u00f3 que la\u00a0adjudicaci\u00f3n directa de casi el total de los contratos que este a\u00f1o hizo el Gobierno del Estado de Veracruz afect\u00f3 a\u00fan m\u00e1s a los empresarios de esta entidad,\u00a0&#8220;si nos afect\u00f3 mucho, porque para que todo esto suceda debe haber piso plano y parejo&#8221;.<\/p>\n\n\n\n<p>&#8220;Hay muchas que tienen que ver con el tema gubernamental y en estos momentos la mayor\u00eda de los recursos del gobierno se fueron al tema del Covid, lo que imposibilit\u00f3 llevar a cabo proyectos que ya estaban pactados para este a\u00f1o&#8221;, se\u00f1al\u00f3.<\/p>\n\n\n\n<p>Reconoci\u00f3 que si bien es cierto se est\u00e1n recuperando un poco, lo que les pega es la falta de liquidez, problema tan serio en todos lados, en todos los sectores.<\/p>\n\n\n\n<p>&#8220;Nos est\u00e1 pegando a todos, el tema que se est\u00e1n subiendo los contagios, hoy por hoy ser\u00e1 una Navidad complicada para los empleados, para los empresarios que estamos buscando por todos los medios de poder conseguir algo para que todos tengamos una Navidad lo mejor posible&#8221;, indic\u00f3.<\/p>\n\n\n\n<p>En otro orden de ideas, se\u00f1al\u00f3 que luego de que se diera a conocer que el 99 por ciento de los contratos se adjudicaron a algunas empresas sin licitaci\u00f3n de por medio, el empresario dijo que &#8220;debe haber mucha transparencia y dentro de esa transparencia, vamos con los contratos&#8221;.\u00a0<\/p>\n\n\n\n<p>El cierre de a\u00f1o es dif\u00edcil para la iniciativa privada por la falta de liquidez que provoc\u00f3 el efecto de la pandemia por el COVID-19, por lo que dijo, que a\u00fan no resuelven los pagos de prestaciones a empleados.<\/p>\n\n\n\n<p>&#8220;Va a ser una navidad complicada no s\u00f3lo para los empleados, si no tambi\u00e9n para los empresarios. Estamos tratando de conseguir lo que sea&#8221; finaliz\u00f3.<\/p>\n","protected":false},"excerpt":{"rendered":"<p>Dar\u00edo Pale Xalapa, Ver.- El vicepresidente nacional de la Canacintra, Juan Manuel Garc\u00eda Gonz\u00e1lez, advirti\u00f3 que los integrantes de la C\u00e1mara cerrar\u00e1n muy mal el 2020,\u00a0coment\u00f3 que algunas empresas que ten\u00edan proyectos para finales de este a\u00f1o, los tuvieron que cancelar. Entrevistado en conocido caf\u00e9 del centro de Xalapa, lament\u00f3 que la\u00a0adjudicaci\u00f3n directa de casi [&hellip;]<\/p>\n","protected":false},"author":1,"featured_media":9052,"comment_status":"open","ping_status":"open","sticky":false,"template":"","format":"standard","meta":{"_jetpack_memberships_contains_paid_content":false,"footnotes":""},"categories":[3],"tags":[],"class_list":["post-9051","post","type-post","status-publish","format-standard","has-post-thumbnail","hentry","category-xalapa"],"jetpack_featured_media_url":"https:\/\/encuentroinformativo.com.mx\/wp-content\/uploads\/2020\/12\/3FBA02A1-A36A-47B2-9798-F59D48A106CF.jpeg","jetpack_sharing_enabled":true,"jetpack_likes_enabled":true,"amp_enabled":true,"_links":{"self":[{"href":"https:\/\/encuentroinformativo.com.mx\/index.php?rest_route=\/wp\/v2\/posts\/9051","targetHints":{"allow":["GET"]}}],"collection":[{"href":"https:\/\/encuentroinformativo.com.mx\/index.php?rest_route=\/wp\/v2\/posts"}],"about":[{"href":"https:\/\/encuentroinformativo.com.mx\/index.php?rest_route=\/wp\/v2\/types\/post"}],"author":[{"embeddable":true,"href":"https:\/\/encuentroinformativo.com.mx\/index.php?rest_route=\/wp\/v2\/users\/1"}],"replies":[{"embeddable":true,"href":"https:\/\/encuentroinformativo.com.mx\/index.php?rest_route=%2Fwp%2Fv2%2Fcomments&post=9051"}],"version-history":[{"count":1,"href":"https:\/\/encuentroinformativo.com.mx\/index.php?rest_route=\/wp\/v2\/posts\/9051\/revisions"}],"predecessor-version":[{"id":9053,"href":"https:\/\/encuentroinformativo.com.mx\/index.php?rest_route=\/wp\/v2\/posts\/9051\/revisions\/9053"}],"wp:featuredmedia":[{"embeddable":true,"href":"https:\/\/encuentroinformativo.com.mx\/index.php?rest_route=\/wp\/v2\/media\/9052"}],"wp:attachment":[{"href":"https:\/\/encuentroinformativo.com.mx\/index.php?rest_route=%2Fwp%2Fv2%2Fmedia&parent=9051"}],"wp:term":[{"taxonomy":"category","embeddable":true,"href":"https:\/\/encuentroinformativo.com.mx\/index.php?rest_route=%2Fwp%2Fv2%2Fcategories&post=9051"},{"taxonomy":"post_tag","embeddable":true,"href":"https:\/\/encuentroinformativo.com.mx\/index.php?rest_route=%2Fwp%2Fv2%2Ftags&post=9051"}],"curies":[{"name":"wp","href":"https:\/\/api.w.org\/{rel}","templated":true}]}}