{"id":9069,"date":"2020-12-12T13:49:22","date_gmt":"2020-12-12T19:49:22","guid":{"rendered":"https:\/\/encuentroinformativo.com.mx\/?p=9069"},"modified":"2020-12-12T13:49:25","modified_gmt":"2020-12-12T19:49:25","slug":"se-quejan-vecinos-por-fiesta-de-diputados","status":"publish","type":"post","link":"https:\/\/encuentroinformativo.com.mx\/?p=9069","title":{"rendered":"Se quejan vecinos por fiesta de diputados"},"content":{"rendered":"\n<p><strong>Dar\u00edo Pale <\/strong><\/p>\n\n\n\n<p>Xalapa, Ver.- Pese a que el gobernador del estado emiti\u00f3 un decreto en d\u00edas pasados de que pese a que el sem\u00e1foro en Veracruz est\u00e1 en verde no se deben de realizar fiestas o reuniones diputados del Partido Acci\u00f3n Nacional (PAN), y del Movimiento de Regeneraci\u00f3n Nacional (MORENA), realizaron una fiesta.<\/p>\n\n\n\n<p>Los vecinos de la Avenida Ferrocarril Interoce\u00e1nico de la colonia H\u00e9roes Ferrocarrileros realizaron llamadas a la polic\u00eda municipal debido a que en el restaurante El Varadero se estaba realizando una fiesta y estaba muy fuerte el volumen de la m\u00fasica ya que se encontraba el grupo\u00a0norte\u00f1o banda, con el cual los diputados amenizaron un evento privado.<\/p>\n\n\n\n<p>Por lo anterior al lugar arribaron elementos municipales de Seguridad Ciudadana, DIAC y Protecci\u00f3n Civil, y de comercio a quienes no les permitieron el acceso al lugar ya que\u00a0personal del restaurante se justifico en el hecho de que &#8220;era propiedad del diputado Sergio Hern\u00e1ndez y que \u00e9l se encontraba en el lugar&#8221;, por lo que solo les dejaron un apercibimiento.<\/p>\n\n\n\n<p>Al paso de unas horas, se observ\u00f3 poco a poco como los invitados, con aliento alcoh\u00f3lico, iban saliendo del lugar en estado inconveniente, incluso haciendo se\u00f1as obscenas se retiraban en taxis o incluso en sus veh\u00edculos particulares, algunos acompa\u00f1ados de menores de edad.<\/p>\n\n\n\n<p>Se trat\u00f3 presuntamente de los diputados Juan Javier G\u00f3mez Cazar\u00edn, quien sali\u00f3 en estado et\u00edlico, Sergio Hern\u00e1ndez Hern\u00e1ndez quien se cubri\u00f3 el rostro con un chaleco azul para impedir que se le Tomar\u00e1n fotos y quienes a bordo de diferentes taxis se retiraron del lugar, Ricardo Arturo Serna Barajas y Augusto Nahum \u00c1lvarez Pellizco, quienes estaban cantando y festejando dentro del establecimiento adem\u00e1s de que hicieron p\u00fablicas algunas fotos en sus redes sociales.<\/p>\n\n\n\n<p>Por \u00faltimo cabe se\u00f1alar\u00a0que la misma agrupaci\u00f3n hab\u00eda hecho la convocatoria a asistir al Varadero para festejar su segundo aniversario, a trav\u00e9s de redes sociales.<\/p>\n","protected":false},"excerpt":{"rendered":"<p>Dar\u00edo Pale Xalapa, Ver.- Pese a que el gobernador del estado emiti\u00f3 un decreto en d\u00edas pasados de que pese a que el sem\u00e1foro en Veracruz est\u00e1 en verde no se deben de realizar fiestas o reuniones diputados del Partido Acci\u00f3n Nacional (PAN), y del Movimiento de Regeneraci\u00f3n Nacional (MORENA), realizaron una fiesta. Los vecinos [&hellip;]<\/p>\n","protected":false},"author":1,"featured_media":9070,"comment_status":"open","ping_status":"open","sticky":false,"template":"","format":"standard","meta":{"_jetpack_memberships_contains_paid_content":false,"footnotes":""},"categories":[3],"tags":[],"class_list":["post-9069","post","type-post","status-publish","format-standard","has-post-thumbnail","hentry","category-xalapa"],"jetpack_featured_media_url":"https:\/\/encuentroinformativo.com.mx\/wp-content\/uploads\/2020\/12\/FF26C85B-CC88-4EF5-B4BF-FE8ED98D2A5B.jpeg","jetpack_sharing_enabled":true,"jetpack_likes_enabled":true,"amp_enabled":true,"_links":{"self":[{"href":"https:\/\/encuentroinformativo.com.mx\/index.php?rest_route=\/wp\/v2\/posts\/9069","targetHints":{"allow":["GET"]}}],"collection":[{"href":"https:\/\/encuentroinformativo.com.mx\/index.php?rest_route=\/wp\/v2\/posts"}],"about":[{"href":"https:\/\/encuentroinformativo.com.mx\/index.php?rest_route=\/wp\/v2\/types\/post"}],"author":[{"embeddable":true,"href":"https:\/\/encuentroinformativo.com.mx\/index.php?rest_route=\/wp\/v2\/users\/1"}],"replies":[{"embeddable":true,"href":"https:\/\/encuentroinformativo.com.mx\/index.php?rest_route=%2Fwp%2Fv2%2Fcomments&post=9069"}],"version-history":[{"count":1,"href":"https:\/\/encuentroinformativo.com.mx\/index.php?rest_route=\/wp\/v2\/posts\/9069\/revisions"}],"predecessor-version":[{"id":9071,"href":"https:\/\/encuentroinformativo.com.mx\/index.php?rest_route=\/wp\/v2\/posts\/9069\/revisions\/9071"}],"wp:featuredmedia":[{"embeddable":true,"href":"https:\/\/encuentroinformativo.com.mx\/index.php?rest_route=\/wp\/v2\/media\/9070"}],"wp:attachment":[{"href":"https:\/\/encuentroinformativo.com.mx\/index.php?rest_route=%2Fwp%2Fv2%2Fmedia&parent=9069"}],"wp:term":[{"taxonomy":"category","embeddable":true,"href":"https:\/\/encuentroinformativo.com.mx\/index.php?rest_route=%2Fwp%2Fv2%2Fcategories&post=9069"},{"taxonomy":"post_tag","embeddable":true,"href":"https:\/\/encuentroinformativo.com.mx\/index.php?rest_route=%2Fwp%2Fv2%2Ftags&post=9069"}],"curies":[{"name":"wp","href":"https:\/\/api.w.org\/{rel}","templated":true}]}}