{"id":9075,"date":"2020-12-12T16:49:08","date_gmt":"2020-12-12T22:49:08","guid":{"rendered":"https:\/\/encuentroinformativo.com.mx\/?p=9075"},"modified":"2020-12-12T16:49:11","modified_gmt":"2020-12-12T22:49:11","slug":"acudio-10-de-feligreses-a-basilica-menor","status":"publish","type":"post","link":"https:\/\/encuentroinformativo.com.mx\/?p=9075","title":{"rendered":"Acudi\u00f3 10% de feligreses a Bas\u00edlica Menor"},"content":{"rendered":"\n<p><strong>Dar\u00edo Pale <\/strong><\/p>\n\n\n\n<p>Xalapa, Ver.- El director\u00a0de Protecci\u00f3n Civil Municipal, Jos\u00e9 de Jes\u00fas Vargas Hern\u00e1ndez, dio a conocer que este a\u00f1o las peregrinaciones a la Bas\u00edlica menor del Dique no son ni el 10 por ciento de las que normalmente llegan cada a\u00f1o, adem\u00e1s de que implementar\u00e1n operativos contra la pirotecnia.<\/p>\n\n\n\n<p>En entrevista inform\u00f3 que un promedio de 6 mil 500 a 7 mil personas acudieron a visitar este 12 de diciembre la Bas\u00edlica Menor, en el barrio de El Dique, en Xalapa, con motivo de las restricciones sanitarias derivadas de la pandemia por el coronavirus se estim\u00f3 un promedio del diez por ciento de las visitas registradas el a\u00f1o pasado.<\/p>\n\n\n\n<p>&#8220;Tenemos un promedio de 6 mil 500 personas que han visitado en estos d\u00edas, que no es ni el 10 por ciento de los que nos visitaron el a\u00f1o pasado, que fueron 65 mil visitantes. El grupo fuerte de peregrinaciones lo tuvimos en la madrugada, que vinieron grupos de motociclistas, ciclistas, algunas peregrinaciones de fuera, pero nada que ver con una procesi\u00f3n normal. Nada que ver con una procesi\u00f3n normal, no hemos tenido procesiones que superen las 100 personas. Vienen grupos, la mayor\u00eda de familias, traen a sus ni\u00f1os y se retiran&#8221;, inform\u00f3.<\/p>\n\n\n\n<p>Este a\u00f1o no llegaron peregrinos de otros estados como Chiapas o Tlaxcala y las provenientes de municipios del interior de la entidad veracruzana fueron m\u00ednimas, por lo que se cumpli\u00f3 con el objetivo de reducir la movilidad con el fin de evitar contagios de coronavirus.<\/p>\n\n\n\n<p>En otro orden de ideas dio a conocer que a\u00a0partir del pr\u00f3ximo 15 de diciembre la direcci\u00f3n de Protecci\u00f3n Civil Municipal junto con la Secretar\u00eda de la Defensa Nacional iniciar\u00e1n un operativo para detectar la venta de pirotecnia, ya que\u00a0record\u00f3 que esta prohibida la venta, el consumo, almacenamiento, distribuci\u00f3n y fabricaci\u00f3n de lo que es la pirotecnia,\u00a0\u201cla intenci\u00f3n es llevar a cabo operativos a partir del 15 de diciembre&#8221;.<\/p>\n\n\n\n<p>Record\u00f3 adem\u00e1s que las autoridades y l\u00edderes de vendedores ambulantes acordaron que la venta de productos de la temporada se realizar\u00e1 en esta ocasi\u00f3n se instalar\u00e1n en la prolongacion Villahermosa entre avenida Xalapa y Ruiz Cortines.<\/p>\n\n\n\n<p>Finalmente dio a conocer\u00a0que se trata de que los vendedores que com\u00fanmente se instalan en la temporada navide\u00f1a en las calles de Victoria, Clavijero y Revoluci\u00f3n.<\/p>\n","protected":false},"excerpt":{"rendered":"<p>Dar\u00edo Pale Xalapa, Ver.- El director\u00a0de Protecci\u00f3n Civil Municipal, Jos\u00e9 de Jes\u00fas Vargas Hern\u00e1ndez, dio a conocer que este a\u00f1o las peregrinaciones a la Bas\u00edlica menor del Dique no son ni el 10 por ciento de las que normalmente llegan cada a\u00f1o, adem\u00e1s de que implementar\u00e1n operativos contra la pirotecnia. En entrevista inform\u00f3 que un [&hellip;]<\/p>\n","protected":false},"author":1,"featured_media":9076,"comment_status":"open","ping_status":"open","sticky":false,"template":"","format":"standard","meta":{"_jetpack_memberships_contains_paid_content":false,"footnotes":""},"categories":[3],"tags":[],"class_list":["post-9075","post","type-post","status-publish","format-standard","has-post-thumbnail","hentry","category-xalapa"],"jetpack_featured_media_url":"https:\/\/encuentroinformativo.com.mx\/wp-content\/uploads\/2020\/12\/4D798FC3-F5E2-4300-83F2-88712ABDB895.jpeg","jetpack_sharing_enabled":true,"jetpack_likes_enabled":true,"amp_enabled":true,"_links":{"self":[{"href":"https:\/\/encuentroinformativo.com.mx\/index.php?rest_route=\/wp\/v2\/posts\/9075","targetHints":{"allow":["GET"]}}],"collection":[{"href":"https:\/\/encuentroinformativo.com.mx\/index.php?rest_route=\/wp\/v2\/posts"}],"about":[{"href":"https:\/\/encuentroinformativo.com.mx\/index.php?rest_route=\/wp\/v2\/types\/post"}],"author":[{"embeddable":true,"href":"https:\/\/encuentroinformativo.com.mx\/index.php?rest_route=\/wp\/v2\/users\/1"}],"replies":[{"embeddable":true,"href":"https:\/\/encuentroinformativo.com.mx\/index.php?rest_route=%2Fwp%2Fv2%2Fcomments&post=9075"}],"version-history":[{"count":1,"href":"https:\/\/encuentroinformativo.com.mx\/index.php?rest_route=\/wp\/v2\/posts\/9075\/revisions"}],"predecessor-version":[{"id":9077,"href":"https:\/\/encuentroinformativo.com.mx\/index.php?rest_route=\/wp\/v2\/posts\/9075\/revisions\/9077"}],"wp:featuredmedia":[{"embeddable":true,"href":"https:\/\/encuentroinformativo.com.mx\/index.php?rest_route=\/wp\/v2\/media\/9076"}],"wp:attachment":[{"href":"https:\/\/encuentroinformativo.com.mx\/index.php?rest_route=%2Fwp%2Fv2%2Fmedia&parent=9075"}],"wp:term":[{"taxonomy":"category","embeddable":true,"href":"https:\/\/encuentroinformativo.com.mx\/index.php?rest_route=%2Fwp%2Fv2%2Fcategories&post=9075"},{"taxonomy":"post_tag","embeddable":true,"href":"https:\/\/encuentroinformativo.com.mx\/index.php?rest_route=%2Fwp%2Fv2%2Ftags&post=9075"}],"curies":[{"name":"wp","href":"https:\/\/api.w.org\/{rel}","templated":true}]}}