{"id":9084,"date":"2020-12-13T13:19:34","date_gmt":"2020-12-13T19:19:34","guid":{"rendered":"https:\/\/encuentroinformativo.com.mx\/?p=9084"},"modified":"2020-12-13T13:20:05","modified_gmt":"2020-12-13T19:20:05","slug":"crece-presencia-de-grupos-de-autodefensas","status":"publish","type":"post","link":"https:\/\/encuentroinformativo.com.mx\/?p=9084","title":{"rendered":"Crece presencia de grupos de autodefensas"},"content":{"rendered":"\n<p><strong>Juan Arcos<\/strong> <\/p>\n\n\n\n<p>Xalapa, Ver.- Grupos de autodefensas han crecido en el municipio de Emiliano Zapata, para resguardar a sus localidades ante la incapacidad de respuesta por parte de las corporaciones policiales.<\/p>\n\n\n\n<p>As\u00ed lo dieron a conocer pobladores de la localidad Palo Gacho, quienes prefirieron el anonimato tras la detenci\u00f3n del coordinador del Frente Nacional de Autodefensas en Veracruz, David Villalobos, acusado de portaci\u00f3n ilegal de arma de fuego y ultrajes a la autoridad.<\/p>\n\n\n\n<p>Estos grupos se han extendido a las comunidades de Rinconada, Carrizal, La Cumbre y Plan del R\u00edo, una zona violenta por la presencia de integrantes del C\u00e1rtel Jalisco Nueva Generaci\u00f3n (CJNG).<\/p>\n\n\n\n<p>Se habla de que actualmente hay 30 personas que se han sumado a los grupos de autodefensas en la mencionada regi\u00f3n, muy cerca de la capital del estado.<\/p>\n\n\n\n<p>\u201cSomos casi 30 y ahora estamos reuniendo a los vecinos de las comunidades, vamos a unir a Carrizal, La Cumbre, Plan del R\u00edo y estamos trabajando en Rinconada para hacer m\u00e1s fuerte el grupo\u201d, indicaron los pobladores.<br>Las personas mencionaron que los mismos polic\u00edas tienen conocimiento de la presencia de grupos autodefensas, pero se niegan a reconocerlos como tal.<\/p>\n\n\n\n<p>\u201cDe hecho ya tienen sabido que hay un grupo de autodefensas en la localidad de Palo Gacho, aunque no lo reconocen, pero nosotros seguimos trabajando\u201d.<\/p>\n\n\n\n<p>Los autodefensas analizan iniciar recorridos nocturnos en las localidades mencionadas, para contribuir a la vigilancia y evitar que ocurran robos, asaltos u otros delitos.<\/p>\n\n\n\n<p>\u201cApenas andamos en eso, de empezar hacer nuestras rutinas en las noches para empezar a trabajar\u201d, enfatizaron.<\/p>\n","protected":false},"excerpt":{"rendered":"<p>Juan Arcos Xalapa, Ver.- Grupos de autodefensas han crecido en el municipio de Emiliano Zapata, para resguardar a sus localidades ante la incapacidad de respuesta por parte de las corporaciones policiales. As\u00ed lo dieron a conocer pobladores de la localidad Palo Gacho, quienes prefirieron el anonimato tras la detenci\u00f3n del coordinador del Frente Nacional de [&hellip;]<\/p>\n","protected":false},"author":1,"featured_media":9085,"comment_status":"open","ping_status":"open","sticky":false,"template":"","format":"standard","meta":{"_jetpack_memberships_contains_paid_content":false,"footnotes":""},"categories":[8],"tags":[],"class_list":["post-9084","post","type-post","status-publish","format-standard","has-post-thumbnail","hentry","category-region"],"jetpack_featured_media_url":"https:\/\/encuentroinformativo.com.mx\/wp-content\/uploads\/2020\/12\/7276BC5B-999A-4038-B652-790211D60E2A.jpeg","jetpack_sharing_enabled":true,"jetpack_likes_enabled":true,"amp_enabled":true,"_links":{"self":[{"href":"https:\/\/encuentroinformativo.com.mx\/index.php?rest_route=\/wp\/v2\/posts\/9084","targetHints":{"allow":["GET"]}}],"collection":[{"href":"https:\/\/encuentroinformativo.com.mx\/index.php?rest_route=\/wp\/v2\/posts"}],"about":[{"href":"https:\/\/encuentroinformativo.com.mx\/index.php?rest_route=\/wp\/v2\/types\/post"}],"author":[{"embeddable":true,"href":"https:\/\/encuentroinformativo.com.mx\/index.php?rest_route=\/wp\/v2\/users\/1"}],"replies":[{"embeddable":true,"href":"https:\/\/encuentroinformativo.com.mx\/index.php?rest_route=%2Fwp%2Fv2%2Fcomments&post=9084"}],"version-history":[{"count":1,"href":"https:\/\/encuentroinformativo.com.mx\/index.php?rest_route=\/wp\/v2\/posts\/9084\/revisions"}],"predecessor-version":[{"id":9086,"href":"https:\/\/encuentroinformativo.com.mx\/index.php?rest_route=\/wp\/v2\/posts\/9084\/revisions\/9086"}],"wp:featuredmedia":[{"embeddable":true,"href":"https:\/\/encuentroinformativo.com.mx\/index.php?rest_route=\/wp\/v2\/media\/9085"}],"wp:attachment":[{"href":"https:\/\/encuentroinformativo.com.mx\/index.php?rest_route=%2Fwp%2Fv2%2Fmedia&parent=9084"}],"wp:term":[{"taxonomy":"category","embeddable":true,"href":"https:\/\/encuentroinformativo.com.mx\/index.php?rest_route=%2Fwp%2Fv2%2Fcategories&post=9084"},{"taxonomy":"post_tag","embeddable":true,"href":"https:\/\/encuentroinformativo.com.mx\/index.php?rest_route=%2Fwp%2Fv2%2Ftags&post=9084"}],"curies":[{"name":"wp","href":"https:\/\/api.w.org\/{rel}","templated":true}]}}