{"id":9087,"date":"2020-12-13T13:28:50","date_gmt":"2020-12-13T19:28:50","guid":{"rendered":"https:\/\/encuentroinformativo.com.mx\/?p=9087"},"modified":"2020-12-13T13:28:52","modified_gmt":"2020-12-13T19:28:52","slug":"realizan-nueva-marcha-anti-amlo","status":"publish","type":"post","link":"https:\/\/encuentroinformativo.com.mx\/?p=9087","title":{"rendered":"Realizan nueva marcha anti-AMLO"},"content":{"rendered":"\n<p><strong>Juan Arcos <\/strong><\/p>\n\n\n\n<p>Xalapa, Ver.- Integrantes del Frente Nacional Anti-AMLO (FRENAAA) protestaron y realizaron la tercera caravana este domingo en Xalapa, para exigir la renuncia del presidente de la Rep\u00fablica, Andr\u00e9s Manuel L\u00f3pez Obrador.<\/p>\n\n\n\n<p>El recorrido inici\u00f3 en el fraccionamiento Las \u00c1nimas, una zona considerada de alta plusval\u00eda en la ciudad, con direcci\u00f3n a las avenidas Araucarias, L\u00e1zaro C\u00e1rdenas y Murillo Vidal, hasta llegar a Plaza Sebasti\u00e1n Lerdo de Tejada, para plantarse frente a Palacio de Gobierno.<\/p>\n\n\n\n<p>De acuerdo con Hilda Salda\u00f1a Olmos, integrante de FRENAA, se busca la salida del partido Movimiento de Regeneraci\u00f3n Nacional (Morena) en el poder por presuntas acciones que est\u00e1n da\u00f1ando al pa\u00eds.<\/p>\n\n\n\n<p>\u201cEsta caravana m\u00f3vil del d\u00eda de hoy es con motivo de la tercera vacuna que est\u00e1 implementando FRENAAA en todo el pa\u00eds y tambi\u00e9n en algunas ciudades del extranjero, en contra del Morenavirus-L\u00f3pez que est\u00e1 destruyendo a nuestro pa\u00eds\u201d.<\/p>\n\n\n\n<p>La entrevistada indic\u00f3 que continuar\u00e1 la lucha en busca de un cambio en el gobierno, pues tambi\u00e9n se exige la destituci\u00f3n de quienes integran el gabinete federal.<\/p>\n\n\n\n<p>\u201cFRENAAA mantiene el objetivo que se plante\u00f3 desde un inicio, que es lograr la salida de Andr\u00e9s L\u00f3pez del cargo de presidente de la Rep\u00fablica y queremos que se vaya junto con todo su gabinete, porque este r\u00e9gimen est\u00e1 avanzando en la implementaci\u00f3n de la dictadura a pasos agigantados\u201d.<\/p>\n\n\n\n<p>A juicio de Salda\u00f1a Olmos, las decisiones presidenciales han da\u00f1ado la econom\u00eda, salud y seguridad de las y los mexicanos, situaci\u00f3n por la cual ha crecido el Frente Nacional Anti-AMLO.<\/p>\n\n\n\n<p>\u201cSe est\u00e1 sumando mucha gente a FRENAAA. Empezamos con la primera vacuna como en un valle, la ciudadan\u00eda baj\u00f3 mucho la participaci\u00f3n, estaba desanimada y confundida. Poco a poco estamos recuperando la participaci\u00f3n ciudadana en nuestras acciones de calle, como es la vacuna, pero adicionalmente hay mucha gente que est\u00e1 pidiendo unirse a FRENAAA y nuestra pir\u00e1mide de WhatsApp, que es nuestro medio de comunicaci\u00f3n, est\u00e1 creciendo en los \u00faltimos d\u00edas\u201d.<\/p>\n\n\n\n<p>Los miembros de FRENAAA continuar\u00e1n las protestas a partir de enero en Xalapa y en distintos puntos el pa\u00eds.<\/p>\n","protected":false},"excerpt":{"rendered":"<p>Juan Arcos Xalapa, Ver.- Integrantes del Frente Nacional Anti-AMLO (FRENAAA) protestaron y realizaron la tercera caravana este domingo en Xalapa, para exigir la renuncia del presidente de la Rep\u00fablica, Andr\u00e9s Manuel L\u00f3pez Obrador. El recorrido inici\u00f3 en el fraccionamiento Las \u00c1nimas, una zona considerada de alta plusval\u00eda en la ciudad, con direcci\u00f3n a las avenidas [&hellip;]<\/p>\n","protected":false},"author":1,"featured_media":9088,"comment_status":"open","ping_status":"open","sticky":false,"template":"","format":"standard","meta":{"_jetpack_memberships_contains_paid_content":false,"footnotes":""},"categories":[3],"tags":[],"class_list":["post-9087","post","type-post","status-publish","format-standard","has-post-thumbnail","hentry","category-xalapa"],"jetpack_featured_media_url":"https:\/\/encuentroinformativo.com.mx\/wp-content\/uploads\/2020\/12\/A5024444-CE0F-40E3-8D43-C769EED69B44.jpeg","jetpack_sharing_enabled":true,"jetpack_likes_enabled":true,"amp_enabled":true,"_links":{"self":[{"href":"https:\/\/encuentroinformativo.com.mx\/index.php?rest_route=\/wp\/v2\/posts\/9087","targetHints":{"allow":["GET"]}}],"collection":[{"href":"https:\/\/encuentroinformativo.com.mx\/index.php?rest_route=\/wp\/v2\/posts"}],"about":[{"href":"https:\/\/encuentroinformativo.com.mx\/index.php?rest_route=\/wp\/v2\/types\/post"}],"author":[{"embeddable":true,"href":"https:\/\/encuentroinformativo.com.mx\/index.php?rest_route=\/wp\/v2\/users\/1"}],"replies":[{"embeddable":true,"href":"https:\/\/encuentroinformativo.com.mx\/index.php?rest_route=%2Fwp%2Fv2%2Fcomments&post=9087"}],"version-history":[{"count":1,"href":"https:\/\/encuentroinformativo.com.mx\/index.php?rest_route=\/wp\/v2\/posts\/9087\/revisions"}],"predecessor-version":[{"id":9089,"href":"https:\/\/encuentroinformativo.com.mx\/index.php?rest_route=\/wp\/v2\/posts\/9087\/revisions\/9089"}],"wp:featuredmedia":[{"embeddable":true,"href":"https:\/\/encuentroinformativo.com.mx\/index.php?rest_route=\/wp\/v2\/media\/9088"}],"wp:attachment":[{"href":"https:\/\/encuentroinformativo.com.mx\/index.php?rest_route=%2Fwp%2Fv2%2Fmedia&parent=9087"}],"wp:term":[{"taxonomy":"category","embeddable":true,"href":"https:\/\/encuentroinformativo.com.mx\/index.php?rest_route=%2Fwp%2Fv2%2Fcategories&post=9087"},{"taxonomy":"post_tag","embeddable":true,"href":"https:\/\/encuentroinformativo.com.mx\/index.php?rest_route=%2Fwp%2Fv2%2Ftags&post=9087"}],"curies":[{"name":"wp","href":"https:\/\/api.w.org\/{rel}","templated":true}]}}