{"id":9099,"date":"2020-12-13T18:31:42","date_gmt":"2020-12-14T00:31:42","guid":{"rendered":"https:\/\/encuentroinformativo.com.mx\/?p=9099"},"modified":"2020-12-13T18:31:45","modified_gmt":"2020-12-14T00:31:45","slug":"libertades","status":"publish","type":"post","link":"https:\/\/encuentroinformativo.com.mx\/?p=9099","title":{"rendered":"Libertades\u2026"},"content":{"rendered":"\n<p><strong>La Ruleta\u00a0<\/strong><\/p>\n\n\n\n<p><strong>Magnolia Reyes<\/strong><\/p>\n\n\n\n<p>El Congreso del Estado adem\u00e1s de ser uno de los tres principales poderes, es una amplia fuente informativa para los medios de comunicaci\u00f3n ante las actividades que all\u00ed se realizan y los temas que se legislan.&nbsp;<\/p>\n\n\n\n<p>Por lo que es habitual que los medios de comunicaci\u00f3n cuenten con representantes que se encargan de cubrir \u201cla fuente legislativa\u201d para dar testimonio de los acontecimientos que se registran al interior. Sin embargo, de manera reciente han sido recurrentes \u201clas diferencias\u201d que se presentan entre los reporteros y quienes ostentan el poder del Congreso.&nbsp;<\/p>\n\n\n\n<p>Hace algunas semanas fue el reportero Walter Ram\u00edrez quien fue obstaculizado para poder ingresar al espacio p\u00fablico, teniendo que recurrir a las v\u00edas legales e interponer un amparo para que le fuera permitido el ingreso y cumplir as\u00ed con su actividad period\u00edstica en la llamada \u201ccasa del pueblo\u201d.<\/p>\n\n\n\n<p>De forma reciente, durante la comparecencia del gobernador Cuitl\u00e1huac Garc\u00eda -como parte de su segundo informe-, se repitieron los incidentes con los medios de comunicaci\u00f3n, a tal grado que fue el presidente de la Junta de Coordinaci\u00f3n Pol\u00edtica Juan Javier G\u00f3mez Cazar\u00edn quien sali\u00f3 a la puerta de acceso para calmar los \u00e1nimos e informar que s\u00ed se permitir\u00eda el ingreso a la prensa.<\/p>\n\n\n\n<p>Finalmente reporteros, fot\u00f3grafos y camar\u00f3grafos lograron cumplir con su trabajo al interior del Palacio Legislativo, sin embargo, los hechos dejan de manifiesto la \u201cfalta de tacto\u201d que cada vez se hace m\u00e1s frecuente entre las autoridades responsables del Poder Legislativo y los trabajadores de los medios.<\/p>\n\n\n\n<p>En la v\u00edspera de un proceso electoral donde se renovar\u00e1n los 50 espacios del Congreso Local, al parecer a los legisladores les sigue faltando mucho por aprender y se les olvida que las curules son temporales, mientras que los representantes de los medios seguir\u00e1n conservando experiencias para el anecdotario.&nbsp;<\/p>\n\n\n\n<p><strong>Impulsando iniciativas&nbsp;<\/strong><\/p>\n\n\n\n<p>Desde hace varios meses a trav\u00e9s de redes sociales se ha observado el trabajo que realiza el Movimiento <strong><em>Recupera La Atenas<\/em><\/strong>, a trav\u00e9s del cual se han impulsado diversas acciones para apoyar a la poblaci\u00f3n que habita en la capital del estado.&nbsp;<\/p>\n\n\n\n<p>Y es que ante un a\u00f1o at\u00edpico haciendo frente a una pandemia por Covid, son cientos de familias las que se han visto afectadas en su econom\u00eda con empleos perdidos, o comercios que luchan por subsistir ante una debacle en sus ventas.&nbsp;<\/p>\n\n\n\n<p>Motivo por el cual el movimiento que encabeza Agust\u00edn Arcos Gamboa con el respaldo de comerciantes de la Central de Abastos de Xalapa, impulsan el programa #S\u00f3loXAyudar mediante el cual realizan la donaci\u00f3n de frutas y verduras a familias que habitan en colonias de la periferia de la ciudad, as\u00ed como las congregaciones que forman parte del municipio.&nbsp;<\/p>\n\n\n\n<p>Actividad que ha resultado un aliciente para las familias que m\u00e1s lo necesitan, ojal\u00e1 que cada vez sean m\u00e1s organizaciones y sociedad civil las que se sumen a este tipo de iniciativas en favor de las familias xalape\u00f1as.<\/p>\n\n\n\n<p>Pero sobre todo, que se trate de actividades permanentes.&nbsp;<\/p>\n\n\n\n<p><strong>laruleta.comentarios@gmail.com&nbsp;<\/strong><\/p>\n","protected":false},"excerpt":{"rendered":"<p>La Ruleta\u00a0 Magnolia Reyes El Congreso del Estado adem\u00e1s de ser uno de los tres principales poderes, es una amplia fuente informativa para los medios de comunicaci\u00f3n ante las actividades que all\u00ed se realizan y los temas que se legislan.&nbsp; Por lo que es habitual que los medios de comunicaci\u00f3n cuenten con representantes que se [&hellip;]<\/p>\n","protected":false},"author":1,"featured_media":70,"comment_status":"open","ping_status":"open","sticky":false,"template":"","format":"standard","meta":{"_jetpack_memberships_contains_paid_content":false,"footnotes":""},"categories":[11],"tags":[],"class_list":["post-9099","post","type-post","status-publish","format-standard","has-post-thumbnail","hentry","category-opinion"],"jetpack_featured_media_url":"https:\/\/encuentroinformativo.com.mx\/wp-content\/uploads\/2020\/02\/opinion-invitado.jpg","jetpack_sharing_enabled":true,"jetpack_likes_enabled":true,"amp_enabled":true,"_links":{"self":[{"href":"https:\/\/encuentroinformativo.com.mx\/index.php?rest_route=\/wp\/v2\/posts\/9099","targetHints":{"allow":["GET"]}}],"collection":[{"href":"https:\/\/encuentroinformativo.com.mx\/index.php?rest_route=\/wp\/v2\/posts"}],"about":[{"href":"https:\/\/encuentroinformativo.com.mx\/index.php?rest_route=\/wp\/v2\/types\/post"}],"author":[{"embeddable":true,"href":"https:\/\/encuentroinformativo.com.mx\/index.php?rest_route=\/wp\/v2\/users\/1"}],"replies":[{"embeddable":true,"href":"https:\/\/encuentroinformativo.com.mx\/index.php?rest_route=%2Fwp%2Fv2%2Fcomments&post=9099"}],"version-history":[{"count":1,"href":"https:\/\/encuentroinformativo.com.mx\/index.php?rest_route=\/wp\/v2\/posts\/9099\/revisions"}],"predecessor-version":[{"id":9100,"href":"https:\/\/encuentroinformativo.com.mx\/index.php?rest_route=\/wp\/v2\/posts\/9099\/revisions\/9100"}],"wp:featuredmedia":[{"embeddable":true,"href":"https:\/\/encuentroinformativo.com.mx\/index.php?rest_route=\/wp\/v2\/media\/70"}],"wp:attachment":[{"href":"https:\/\/encuentroinformativo.com.mx\/index.php?rest_route=%2Fwp%2Fv2%2Fmedia&parent=9099"}],"wp:term":[{"taxonomy":"category","embeddable":true,"href":"https:\/\/encuentroinformativo.com.mx\/index.php?rest_route=%2Fwp%2Fv2%2Fcategories&post=9099"},{"taxonomy":"post_tag","embeddable":true,"href":"https:\/\/encuentroinformativo.com.mx\/index.php?rest_route=%2Fwp%2Fv2%2Ftags&post=9099"}],"curies":[{"name":"wp","href":"https:\/\/api.w.org\/{rel}","templated":true}]}}