{"id":9103,"date":"2020-12-14T09:11:15","date_gmt":"2020-12-14T15:11:15","guid":{"rendered":"https:\/\/encuentroinformativo.com.mx\/?p=9103"},"modified":"2020-12-14T09:11:18","modified_gmt":"2020-12-14T15:11:18","slug":"el-pastel-de-la-alianza","status":"publish","type":"post","link":"https:\/\/encuentroinformativo.com.mx\/?p=9103","title":{"rendered":"El pastel de la alianza"},"content":{"rendered":"\n<p><strong>Los Pol\u00edticos<\/strong><\/p>\n\n\n\n<p><strong>Salvador Mu\u00f1oz<\/strong><\/p>\n\n\n\n<p>El asunto no es la alianza, sino c\u00f3mo repartir el pastel. Se pudiera pensar en primera instancia que eso se debe resolver en funci\u00f3n de los votos obtenidos por partido en su distrito, si hablamos de diputaciones locales; y en el caso de las candidaturas a las alcald\u00edas, tiene primera mano el alcalde al mando que est\u00e9 del lado de la alianza, aunque ambos casos pueden ser enga\u00f1osos, si bien no es general, pero tampoco descartable\u2026 explico:<\/p>\n\n\n\n<p>\u00bfCu\u00e1l es la percepci\u00f3n que tiene usted de su diputado local? \u00a1Exacto! Depender\u00e1 del Distrito que se mire para considerar el papel que un legislador tiene en este lapso de representante popular y ver qu\u00e9 tanto puede ayudar o perjudicar al partido y al candidato. \u00bfCu\u00e1l es la percepci\u00f3n que tiene de su alcalde? El mismo asunto aunque quiz\u00e1s m\u00e1s desgastante que el papel del Diputado.<\/p>\n\n\n\n<p>Al final, ser\u00e1 un tema que seguro habr\u00e1 de ser complicado para la alianza PAN, PRD y PRI porque cada uno de sus integrantes tiene su propia percepci\u00f3n de los merecimientos que debe obtener por las causas que cree tener.<\/p>\n\n\n\n<p>Por ejemplo: En Orizaba, \u00bfpodr\u00eda pensar el PAN o el PRD buscar la candidatura por el distrito o la alcald\u00eda cuando en el papel como en los hechos, es el PRI quien lleva mano?; En Boca del R\u00edo o el Puerto planteemos la misma pregunta cuando el PAN ah\u00ed manda. O en la zona de los Tuxtlas, donde el PRD tiene voz y votos.<\/p>\n\n\n\n<p>Ante la posibilidad de que las respuestas sean negativas, hay una opci\u00f3n: la libre competencia en determinados distritos as\u00ed como en alcald\u00edas. En una de \u00e9sas, bien podr\u00edamos ver a candidatos del PAN, PRD y PRI (adem\u00e1s del resto de partidos y Morena, por supuesto), compitiendo por el distrito de Orizaba pero en Xalapa, candidatos de alianza, peleando en unidad por las curules y la alcald\u00eda.<\/p>\n\n\n\n<p>As\u00ed, con 30 distritos a competir, el asunto es ponerse de acuerdo en cu\u00e1les y cu\u00e1ntos le tocar\u00edan a cada miembro de la alianza aunque en algunos casos, no cueste mucho trabajo entender o suponer algunos\u2026 pongo casos y quiz\u00e1s cuadre o no la suposici\u00f3n:<\/p>\n\n\n\n<p>Para el PRD, por ejemplo, \u00bfqu\u00e9 \u201cpero\u201d le ponen que sea suyo el candidato por la curul de Zongolica? Creo que es m\u00e1s f\u00e1cil que le pongan trabas en un momento dado al alcalde Juan Carlos Mezhua por los asuntos en los que se vio involucrado por \u201cviolencia de g\u00e9nero\u201d, pero de que el PRD tiene hegemon\u00eda en ese distrito, la tiene.<\/p>\n\n\n\n<p>Otro caso bien podr\u00eda ser Santiago Tuxtla, donde guste o no, Copete Zapot sigue siendo un elemento relevante para el Sol Azteca, al lado de su esposo, Arturo Herviz, as\u00ed como el de su hijo, Argenis V\u00e1zquez como alcalde. S\u00famele San Andr\u00e9s Tuxtla, dig\u00e1moslo as\u00ed: por alcance.<\/p>\n\n\n\n<p>Un caso interesante ser\u00eda Huatusco, donde hay inter\u00e9s en el PRD por llevar candidato por ese distrito, m\u00e1s cuando alcaldes de la regi\u00f3n est\u00e1n interesados en apoyar al partido\u2026 Agregue Papantla y por all\u00ed deben haber otros m\u00e1s\u2026 el tiempo nos dir\u00e1 si hay m\u00e1s o menos.<\/p>\n\n\n\n<p>En el caso del PRI, es obvio que Orizaba es su bandera\u2026 \u00bfPoza Rica? es posible como tambi\u00e9n Tierra Blanca; quiz\u00e1s sea el \u00faltimo tren de Carlos Vasconcelos compitiendo por Coatza; en Mina, Damara G\u00f3mez, como en Cosoleacaque, el Pony V\u00e1zquez Parissi o Perote, con el regreso de Pepe Yunes Zorrilla \u00bfuninominal? \u00a1claro! su regreso debe ser por la puerta grande, es decir, con votos. En Xalapa, un pri\u00edsta por una curul si hay alianza: \u00bfAm\u00e9rico? Hasta donde se sabe, las encuestas lo tratan bien.<\/p>\n\n\n\n<p>\u00bfY el PAN? Luego hablamos\u2026 ya llenamos la cuartilla.<\/p>\n\n\n\n<p><a href=\"mailto:smcainito@gmail.com\" target=\"_blank\" rel=\"noreferrer noopener\">smcainito@gmail.com<\/a><\/p>\n","protected":false},"excerpt":{"rendered":"<p>Los Pol\u00edticos Salvador Mu\u00f1oz El asunto no es la alianza, sino c\u00f3mo repartir el pastel. Se pudiera pensar en primera instancia que eso se debe resolver en funci\u00f3n de los votos obtenidos por partido en su distrito, si hablamos de diputaciones locales; y en el caso de las candidaturas a las alcald\u00edas, tiene primera mano [&hellip;]<\/p>\n","protected":false},"author":1,"featured_media":70,"comment_status":"open","ping_status":"open","sticky":false,"template":"","format":"standard","meta":{"_jetpack_memberships_contains_paid_content":false,"footnotes":""},"categories":[11],"tags":[],"class_list":["post-9103","post","type-post","status-publish","format-standard","has-post-thumbnail","hentry","category-opinion"],"jetpack_featured_media_url":"https:\/\/encuentroinformativo.com.mx\/wp-content\/uploads\/2020\/02\/opinion-invitado.jpg","jetpack_sharing_enabled":true,"jetpack_likes_enabled":true,"amp_enabled":true,"_links":{"self":[{"href":"https:\/\/encuentroinformativo.com.mx\/index.php?rest_route=\/wp\/v2\/posts\/9103","targetHints":{"allow":["GET"]}}],"collection":[{"href":"https:\/\/encuentroinformativo.com.mx\/index.php?rest_route=\/wp\/v2\/posts"}],"about":[{"href":"https:\/\/encuentroinformativo.com.mx\/index.php?rest_route=\/wp\/v2\/types\/post"}],"author":[{"embeddable":true,"href":"https:\/\/encuentroinformativo.com.mx\/index.php?rest_route=\/wp\/v2\/users\/1"}],"replies":[{"embeddable":true,"href":"https:\/\/encuentroinformativo.com.mx\/index.php?rest_route=%2Fwp%2Fv2%2Fcomments&post=9103"}],"version-history":[{"count":1,"href":"https:\/\/encuentroinformativo.com.mx\/index.php?rest_route=\/wp\/v2\/posts\/9103\/revisions"}],"predecessor-version":[{"id":9104,"href":"https:\/\/encuentroinformativo.com.mx\/index.php?rest_route=\/wp\/v2\/posts\/9103\/revisions\/9104"}],"wp:featuredmedia":[{"embeddable":true,"href":"https:\/\/encuentroinformativo.com.mx\/index.php?rest_route=\/wp\/v2\/media\/70"}],"wp:attachment":[{"href":"https:\/\/encuentroinformativo.com.mx\/index.php?rest_route=%2Fwp%2Fv2%2Fmedia&parent=9103"}],"wp:term":[{"taxonomy":"category","embeddable":true,"href":"https:\/\/encuentroinformativo.com.mx\/index.php?rest_route=%2Fwp%2Fv2%2Fcategories&post=9103"},{"taxonomy":"post_tag","embeddable":true,"href":"https:\/\/encuentroinformativo.com.mx\/index.php?rest_route=%2Fwp%2Fv2%2Ftags&post=9103"}],"curies":[{"name":"wp","href":"https:\/\/api.w.org\/{rel}","templated":true}]}}