{"id":9105,"date":"2020-12-14T10:19:26","date_gmt":"2020-12-14T16:19:26","guid":{"rendered":"https:\/\/encuentroinformativo.com.mx\/?p=9105"},"modified":"2020-12-14T10:19:56","modified_gmt":"2020-12-14T16:19:56","slug":"y-ellas-se-enlistan","status":"publish","type":"post","link":"https:\/\/encuentroinformativo.com.mx\/?p=9105","title":{"rendered":"Y ellas se enlistan"},"content":{"rendered":"\n<p><strong>N\u00fameros Rojos<\/strong><\/p>\n\n\n\n<p><strong>Brenda Caballero<\/strong><\/p>\n\n\n\n<p>El proceso electoral se acerca y ya se mencionan nombres de mujeres que probablemente sean candidatas a la alcald\u00eda o a una curul local o federal. Recordemos que tambi\u00e9n se designar\u00e1n regidoras y s\u00edndicas.<\/p>\n\n\n\n<p>Algunas de ellas tienen rato trabajando; otras, lo han hecho muy discretamente pero ya se enlistan para un proceso interno en su partido.<\/p>\n\n\n\n<p>En P\u00e1nuco ya se escucha el nombre de Tava Ortega para la alcald\u00eda. Incluso se le ha visto en reuniones con varias mujeres. Todo indica que est\u00e1 haciendo un bloque femenino.<\/p>\n\n\n\n<p>En San Rafael, por el PRD, Myriam Lagunes Mar\u00edn (quien por cierto, en breve ha de tener a su beb\u00e9), con su trabajo en pro de las mujeres, est\u00e1 m\u00e1s que puesta para contender por una curul en esa zona citr\u00edcola.&nbsp;<\/p>\n\n\n\n<p>Y por la regi\u00f3n de las empapatadas, la actual diputada Marigraz Hern\u00e1ndez tiene varias opciones: buscar la reelecci\u00f3n por la local; ir por la curul federal; o hasta nos sorprenda yendo al relevo de su padre, Oth\u00f3n Hern\u00e1ndez Candanedo, actual alcalde de la Se\u00f1orial Misantla\u2026 aunque a muchos, esto ya suena m\u00e1s a un asunto de \u201cpeque\u00f1o cacicazgo\u201d porque ahora, hasta el esposo de Marigraz igual quiere probar suerte en las urnas.<\/p>\n\n\n\n<p>Hablando de PAN, pero de Mart\u00ednez de la Torre, se espera que Mariely Manterola retome la batuta pero no por volver al Palacio Legislativo, sino para ser presidenta municipal.<\/p>\n\n\n\n<p>Cerca de esa zona, no hay que olvidar a Noreya Portilla Gumecindo, quien viene trabajando sin hacer mucho ruido al lado de Ren\u00e9 Bejarano. Aunque ella no ha dicho \u201cesta boca es m\u00eda\u201d, claro que no le desagradar\u00eda competir por una curul de San L\u00e1zaro\u2026 s\u00ed, por Morena.<\/p>\n\n\n\n<p>En Xalapa, el nombre de Elizabeth Morales viene cobrando fuerza desde hace ya unas semanas\u2026 el cargo no sorprende tanto porque la ubican como candidata a la alcald\u00eda, sino por el partido: Morena. Una encuesta publicada hace poco, la ubic\u00f3 tranquilamente por encima de la diputada Rosalinda Galindo.<\/p>\n\n\n\n<p>Entre los panistas hay quienes piden en silencio una oportunidad para Mayra Cort\u00e9s Rodr\u00edguez para disputar una diputaci\u00f3n local. Aunque no lo quieran aceptar en el PAN, tienen una deuda pendiente con las albiazules de la Atenas.&nbsp;<\/p>\n\n\n\n<p>En Coatepec, el nombre de Arely Bonilla, actual s\u00edndica, suena cada vez m\u00e1s fuerte para la diputaci\u00f3n local, aunque en esta ocasi\u00f3n ser\u00eda por Morena.&nbsp;<\/p>\n\n\n\n<p>Hace un mes aproximadamente, en las redes sociales deslizaron un nombre por la alcald\u00eda de Orizaba: Osi Pirez de Diez; s\u00ed, la esposa de Juan Manuel Diez Francos. Si bien, las dos ocasiones en que Osi ha participado en las administraciones municipales de su esposo, ha dejado grato sabor de boca, lo ha hecho tambi\u00e9n fuera de ella con su labor altruista al frente de la asociaci\u00f3n civil Orizaba Propone.<\/p>\n\n\n\n<p>Otra empresaria de la que se rumora quiere ser candidata a la alcald\u00eda de Ciudad Mendoza es Mar\u00eda Candelas Francisco Doce, quien pidi\u00f3 licencia como Diputada local hasta el 31 de enero; tambi\u00e9n dicen que podr\u00eda buscar la curul federal \u00bfSer\u00e1 que quiere estar m\u00e1s cerca de sus negocios?&nbsp;<\/p>\n\n\n\n<p>En el Puerto, ya apret\u00f3 el paso Rosa Mar\u00eda Hern\u00e1ndez Espejo, quien quiere hacerla grande a la hora de competir por la alcald\u00eda jarocha y por ganas, no para, que ya hasta voz de los jarochos es\u2026 a trav\u00e9s de la radio\u2026<\/p>\n\n\n\n<p>Otra jarocha que pudiera dar una sorpresa, si la Alianza en el Puerto no la creen necesaria, ser\u00eda Anil\u00fa Ingram Vallines, de papel destacable en el Congreso de la Uni\u00f3n, donde m\u00e1s de una vez ha alzado la voz por veracruzanos y mexicanos\u2026 \u00bfSer\u00e1 por la alcald\u00eda? Por lo pronto este jueves 17, presenta su segundo Informe de Labores innovando a causa de la pandemia, pues ser\u00e1 en el \u201cPop Car Cinema\u201d, desde donde tu carro podr\u00e1s escuchar su actividad y luego ver una pel\u00edcula.<\/p>\n\n\n\n<p>M\u00e1s al sur, en Minatitl\u00e1n, est\u00e1 Damara G\u00f3mez, que lejos de ser un hit en el TikTok, es la piedra en el zapato de la administraci\u00f3n municipal de Nicol\u00e1s Reyes Alvarez, a quien le ha sacado sus trapos sucios en varias ocasiones. Ella podr\u00eda ir por una curul.<\/p>\n\n\n\n<p>Ana Mar\u00eda Condado Escamilla est\u00e1 m\u00e1s que puesta por el PRD. Ana fue diputada plurinominal en la LXIII Legislatura y apenas en marzo tom\u00f3 protesta a las mujeres que formaron parte del Comit\u00e9 Municipal&nbsp; de Mujeres Perredistas en Acayucan en calidad de representante de las mujeres perredistas del Estado de Veracruz. En el 2018 buscaba una diputaci\u00f3n en alianza con los partidos PRD-PAN y Movimiento Ciudadano. Ahora tambi\u00e9n va en alianza, pero por la Alcald\u00eda de Acayucan.<\/p>\n\n\n\n<p>Ellas son algunas; a\u00fan faltan m\u00e1s mujeres que dar\u00e1n la batalla en el pr\u00f3ximo proceso electoral.<\/p>\n\n\n\n<p>@NumerosRojos_BC<\/p>\n\n\n\n<p><a href=\"mailto:caballero_brenda@hotmail.com\" target=\"_blank\" rel=\"noreferrer noopener\">caballero_brenda@hotmail.com<\/a><\/p>\n","protected":false},"excerpt":{"rendered":"<p>N\u00fameros Rojos Brenda Caballero El proceso electoral se acerca y ya se mencionan nombres de mujeres que probablemente sean candidatas a la alcald\u00eda o a una curul local o federal. Recordemos que tambi\u00e9n se designar\u00e1n regidoras y s\u00edndicas. Algunas de ellas tienen rato trabajando; otras, lo han hecho muy discretamente pero ya se enlistan para [&hellip;]<\/p>\n","protected":false},"author":1,"featured_media":70,"comment_status":"open","ping_status":"open","sticky":false,"template":"","format":"standard","meta":{"_jetpack_memberships_contains_paid_content":false,"footnotes":""},"categories":[11],"tags":[],"class_list":["post-9105","post","type-post","status-publish","format-standard","has-post-thumbnail","hentry","category-opinion"],"jetpack_featured_media_url":"https:\/\/encuentroinformativo.com.mx\/wp-content\/uploads\/2020\/02\/opinion-invitado.jpg","jetpack_sharing_enabled":true,"jetpack_likes_enabled":true,"amp_enabled":true,"_links":{"self":[{"href":"https:\/\/encuentroinformativo.com.mx\/index.php?rest_route=\/wp\/v2\/posts\/9105","targetHints":{"allow":["GET"]}}],"collection":[{"href":"https:\/\/encuentroinformativo.com.mx\/index.php?rest_route=\/wp\/v2\/posts"}],"about":[{"href":"https:\/\/encuentroinformativo.com.mx\/index.php?rest_route=\/wp\/v2\/types\/post"}],"author":[{"embeddable":true,"href":"https:\/\/encuentroinformativo.com.mx\/index.php?rest_route=\/wp\/v2\/users\/1"}],"replies":[{"embeddable":true,"href":"https:\/\/encuentroinformativo.com.mx\/index.php?rest_route=%2Fwp%2Fv2%2Fcomments&post=9105"}],"version-history":[{"count":1,"href":"https:\/\/encuentroinformativo.com.mx\/index.php?rest_route=\/wp\/v2\/posts\/9105\/revisions"}],"predecessor-version":[{"id":9106,"href":"https:\/\/encuentroinformativo.com.mx\/index.php?rest_route=\/wp\/v2\/posts\/9105\/revisions\/9106"}],"wp:featuredmedia":[{"embeddable":true,"href":"https:\/\/encuentroinformativo.com.mx\/index.php?rest_route=\/wp\/v2\/media\/70"}],"wp:attachment":[{"href":"https:\/\/encuentroinformativo.com.mx\/index.php?rest_route=%2Fwp%2Fv2%2Fmedia&parent=9105"}],"wp:term":[{"taxonomy":"category","embeddable":true,"href":"https:\/\/encuentroinformativo.com.mx\/index.php?rest_route=%2Fwp%2Fv2%2Fcategories&post=9105"},{"taxonomy":"post_tag","embeddable":true,"href":"https:\/\/encuentroinformativo.com.mx\/index.php?rest_route=%2Fwp%2Fv2%2Ftags&post=9105"}],"curies":[{"name":"wp","href":"https:\/\/api.w.org\/{rel}","templated":true}]}}