{"id":9117,"date":"2020-12-14T13:21:28","date_gmt":"2020-12-14T19:21:28","guid":{"rendered":"https:\/\/encuentroinformativo.com.mx\/?p=9117"},"modified":"2020-12-14T13:21:58","modified_gmt":"2020-12-14T19:21:58","slug":"fundacion-obsequiara-pollos-por-navidad","status":"publish","type":"post","link":"https:\/\/encuentroinformativo.com.mx\/?p=9117","title":{"rendered":"Fundaci\u00f3n obsequiar\u00e1 pollos por Navidad"},"content":{"rendered":"\n<p><strong>Dar\u00edo Pale <\/strong><\/p>\n\n\n\n<p>Xalapa, Ver.- Luis Eduardo Oliva Cano presidente de la Fundaci\u00f3n Unidos Para Ayudar Pleey dio a conocer que van a conmemorar el XV aniversario, por lo cual van a estar repartiendo despensas al igual que un pollo para este 24 de diciembre en las colonias de la periferia de la ciudad.<\/p>\n\n\n\n<p>En conferencia de prensa realizada en conocido caf\u00e9 del centro de Xalapa, se\u00f1al\u00f3 que la pandemia les ha representado un momento cr\u00edtico a muchas familias, lo que representa una oportunidad para que la puedan apoyar ya que hasta el momento han logrado entregar m\u00e1s de dos mil despensas a las familias m\u00e1s vulnerables de las colonias de Xalapa, adem\u00e1s de que en los comedores comunitarios apoyan con alimento gratuito a varias familias.<\/p>\n\n\n\n<p>Este a\u00f1o ten\u00edan pensado realizar su d\u00e9cima gran cena navide\u00f1a para m\u00e1s de mil quinientas personas de la periferia pero debido a la pandemia tomaron la decisi\u00f3n de cancelarla, no obstante est\u00e1n reuniendo despensas, cobijas y pollos rostizados para ir casa por casa para apoyar a las familias m\u00e1s vulnerables y que tengan una cena de Navidad y pasen una noche buena.<\/p>\n\n\n\n<p>Finalmente se\u00f1al\u00f3 que tienen mucho que recorrer pero est\u00e1n seguros de que van por buen camino y que esperan que llegue mejores tiempos que permitir\u00e1n a la fundaci\u00f3n seguir construyendo una sociedad m\u00e1s pr\u00f3spera, esto pese a que debido a la pandemia se les ha dificultado obtener recursos pero est\u00e1n haciendo un gran esfuerzo.<\/p>\n","protected":false},"excerpt":{"rendered":"<p>Dar\u00edo Pale Xalapa, Ver.- Luis Eduardo Oliva Cano presidente de la Fundaci\u00f3n Unidos Para Ayudar Pleey dio a conocer que van a conmemorar el XV aniversario, por lo cual van a estar repartiendo despensas al igual que un pollo para este 24 de diciembre en las colonias de la periferia de la ciudad. En conferencia [&hellip;]<\/p>\n","protected":false},"author":1,"featured_media":9118,"comment_status":"open","ping_status":"open","sticky":false,"template":"","format":"standard","meta":{"_jetpack_memberships_contains_paid_content":false,"footnotes":""},"categories":[3],"tags":[],"class_list":["post-9117","post","type-post","status-publish","format-standard","has-post-thumbnail","hentry","category-xalapa"],"jetpack_featured_media_url":"https:\/\/encuentroinformativo.com.mx\/wp-content\/uploads\/2020\/12\/2100CD14-0A31-4462-9051-F5DC40DABF41.jpeg","jetpack_sharing_enabled":true,"jetpack_likes_enabled":true,"amp_enabled":true,"_links":{"self":[{"href":"https:\/\/encuentroinformativo.com.mx\/index.php?rest_route=\/wp\/v2\/posts\/9117","targetHints":{"allow":["GET"]}}],"collection":[{"href":"https:\/\/encuentroinformativo.com.mx\/index.php?rest_route=\/wp\/v2\/posts"}],"about":[{"href":"https:\/\/encuentroinformativo.com.mx\/index.php?rest_route=\/wp\/v2\/types\/post"}],"author":[{"embeddable":true,"href":"https:\/\/encuentroinformativo.com.mx\/index.php?rest_route=\/wp\/v2\/users\/1"}],"replies":[{"embeddable":true,"href":"https:\/\/encuentroinformativo.com.mx\/index.php?rest_route=%2Fwp%2Fv2%2Fcomments&post=9117"}],"version-history":[{"count":1,"href":"https:\/\/encuentroinformativo.com.mx\/index.php?rest_route=\/wp\/v2\/posts\/9117\/revisions"}],"predecessor-version":[{"id":9119,"href":"https:\/\/encuentroinformativo.com.mx\/index.php?rest_route=\/wp\/v2\/posts\/9117\/revisions\/9119"}],"wp:featuredmedia":[{"embeddable":true,"href":"https:\/\/encuentroinformativo.com.mx\/index.php?rest_route=\/wp\/v2\/media\/9118"}],"wp:attachment":[{"href":"https:\/\/encuentroinformativo.com.mx\/index.php?rest_route=%2Fwp%2Fv2%2Fmedia&parent=9117"}],"wp:term":[{"taxonomy":"category","embeddable":true,"href":"https:\/\/encuentroinformativo.com.mx\/index.php?rest_route=%2Fwp%2Fv2%2Fcategories&post=9117"},{"taxonomy":"post_tag","embeddable":true,"href":"https:\/\/encuentroinformativo.com.mx\/index.php?rest_route=%2Fwp%2Fv2%2Ftags&post=9117"}],"curies":[{"name":"wp","href":"https:\/\/api.w.org\/{rel}","templated":true}]}}