{"id":9120,"date":"2020-12-14T13:40:56","date_gmt":"2020-12-14T19:40:56","guid":{"rendered":"https:\/\/encuentroinformativo.com.mx\/?p=9120"},"modified":"2020-12-14T13:40:59","modified_gmt":"2020-12-14T19:40:59","slug":"parque-de-coatepec-seguira-cerrado-alcalde","status":"publish","type":"post","link":"https:\/\/encuentroinformativo.com.mx\/?p=9120","title":{"rendered":"Parque de Coatepec, seguir\u00e1 cerrado: Alcalde"},"content":{"rendered":"\n<p><strong>Juan Arcos <\/strong><\/p>\n\n\n\n<p>Coatepec, Ver.- El presidente municipal de Coatepec, Luis Enrique Fern\u00e1ndez Peredo, dio a conocer que el parque Miguel Hidalgo continuar\u00e1 cerrado al p\u00fablico por la pandemia del SARS-COV-2 (COVID-19).<\/p>\n\n\n\n<p>El edil destac\u00f3 que dicha decisi\u00f3n se tom\u00f3 a pesar de que el sem\u00e1foro epidemiol\u00f3gico se encuentra en color verde en el estado de Veracruz.<\/p>\n\n\n\n<p>Record\u00f3 que Coatepec est\u00e1 en sem\u00e1foro amarillo, de riesgo medio de contagio, y, por ello, es necesario esperar cuatro semanas para garantizar que no haya variaciones y un rebrote en los contagios.<\/p>\n\n\n\n<p>\u201cEl parque seguir\u00e1 cerrado, a pesar de las cr\u00edticas que hemos tenido. S\u00ed estamos permitiendo que los vendedores est\u00e9n all\u00ed, obviamente con las medidas sanitarias\u201d.<\/p>\n\n\n\n<p>Las personas que acuden al parque pueden comprar alimentos y, posteriormente, tienen que retirarse del espacio p\u00fablico, para evitar aglomeraciones.<\/p>\n\n\n\n<p>En ese sentido, asegur\u00f3 que no se convocar\u00e1 a eventos masivos y que tampoco habr\u00e1 clases presenciales, para evitar la propagaci\u00f3n del coronavirus en el Pueblo M\u00e1gico.<\/p>\n\n\n\n<p>\u201cVamos a seguir acatando las medidas sanitarias, lo que nos siga recomendando la Secretar\u00eda de Salud, tanto federal como estatal, para que no se nos vaya a venir un rebrote\u201d.<\/p>\n\n\n\n<p>Fern\u00e1ndez Peredo encabez\u00f3 el encendido de luces navide\u00f1as en el parque Miguel Hidalgo y el Palacio Municipal, la noche del pasado s\u00e1bado 12 de diciembre, e invit\u00f3 a la gente a visitar estos lugares y \u201crespirar la navidad m\u00e1gica en Coatepec\u201d, cayendo en contradicciones.<\/p>\n\n\n\n<p>Esto ocurri\u00f3 a pesar de que el municipio reporta 292 casos confirmados, 68 defunciones y 98 sospechosos.\u00a0<\/p>\n","protected":false},"excerpt":{"rendered":"<p>Juan Arcos Coatepec, Ver.- El presidente municipal de Coatepec, Luis Enrique Fern\u00e1ndez Peredo, dio a conocer que el parque Miguel Hidalgo continuar\u00e1 cerrado al p\u00fablico por la pandemia del SARS-COV-2 (COVID-19). El edil destac\u00f3 que dicha decisi\u00f3n se tom\u00f3 a pesar de que el sem\u00e1foro epidemiol\u00f3gico se encuentra en color verde en el estado de [&hellip;]<\/p>\n","protected":false},"author":1,"featured_media":9121,"comment_status":"open","ping_status":"open","sticky":false,"template":"","format":"standard","meta":{"_jetpack_memberships_contains_paid_content":false,"footnotes":""},"categories":[8],"tags":[],"class_list":["post-9120","post","type-post","status-publish","format-standard","has-post-thumbnail","hentry","category-region"],"jetpack_featured_media_url":"https:\/\/encuentroinformativo.com.mx\/wp-content\/uploads\/2020\/12\/09AAE0A8-7CE0-497D-9214-A2DC8FA104BD.jpeg","jetpack_sharing_enabled":true,"jetpack_likes_enabled":true,"amp_enabled":true,"_links":{"self":[{"href":"https:\/\/encuentroinformativo.com.mx\/index.php?rest_route=\/wp\/v2\/posts\/9120","targetHints":{"allow":["GET"]}}],"collection":[{"href":"https:\/\/encuentroinformativo.com.mx\/index.php?rest_route=\/wp\/v2\/posts"}],"about":[{"href":"https:\/\/encuentroinformativo.com.mx\/index.php?rest_route=\/wp\/v2\/types\/post"}],"author":[{"embeddable":true,"href":"https:\/\/encuentroinformativo.com.mx\/index.php?rest_route=\/wp\/v2\/users\/1"}],"replies":[{"embeddable":true,"href":"https:\/\/encuentroinformativo.com.mx\/index.php?rest_route=%2Fwp%2Fv2%2Fcomments&post=9120"}],"version-history":[{"count":1,"href":"https:\/\/encuentroinformativo.com.mx\/index.php?rest_route=\/wp\/v2\/posts\/9120\/revisions"}],"predecessor-version":[{"id":9122,"href":"https:\/\/encuentroinformativo.com.mx\/index.php?rest_route=\/wp\/v2\/posts\/9120\/revisions\/9122"}],"wp:featuredmedia":[{"embeddable":true,"href":"https:\/\/encuentroinformativo.com.mx\/index.php?rest_route=\/wp\/v2\/media\/9121"}],"wp:attachment":[{"href":"https:\/\/encuentroinformativo.com.mx\/index.php?rest_route=%2Fwp%2Fv2%2Fmedia&parent=9120"}],"wp:term":[{"taxonomy":"category","embeddable":true,"href":"https:\/\/encuentroinformativo.com.mx\/index.php?rest_route=%2Fwp%2Fv2%2Fcategories&post=9120"},{"taxonomy":"post_tag","embeddable":true,"href":"https:\/\/encuentroinformativo.com.mx\/index.php?rest_route=%2Fwp%2Fv2%2Ftags&post=9120"}],"curies":[{"name":"wp","href":"https:\/\/api.w.org\/{rel}","templated":true}]}}