{"id":9123,"date":"2020-12-14T14:31:41","date_gmt":"2020-12-14T20:31:41","guid":{"rendered":"https:\/\/encuentroinformativo.com.mx\/?p=9123"},"modified":"2020-12-14T14:31:43","modified_gmt":"2020-12-14T20:31:43","slug":"acusan-discriminacion-en-ssp","status":"publish","type":"post","link":"https:\/\/encuentroinformativo.com.mx\/?p=9123","title":{"rendered":"Acusan discriminaci\u00f3n en SSP"},"content":{"rendered":"\n<p><strong>Dar\u00edo Pale <\/strong><\/p>\n\n\n\n<p>Xalapa, Ver.- Froylan Isaac Canales Bautista ex m\u00e9dico de la Cruz Roja dio a conocer en la Secretar\u00eda de Seguridad P\u00fablica (SSP), fue a solicitar trabajo pero le dijeron que no puede trabajar en esa dependencia ya que que tiene una discapacidad neuromotora permanente.<\/p>\n\n\n\n<p>Entrevistado en conocido caf\u00e9 del centro de Xalapa, se\u00f1al\u00f3 que por lo anterior presentar\u00e1 una queja en contra de la SSP, la Comisi\u00f3n Nacional de Derechos Humanos (CNDH), y la Comisi\u00f3n Estatal de Derechos Humanos (CEDH), ya que acudi\u00f3 a las oficinas de la SSP y le le comentaron que no le pod\u00edan dar trabajado por tener una discapacidad permanente.<\/p>\n\n\n\n<p>&#8220;Me acerqu\u00e9 a esta secretar\u00eda porque se supone que ellos tienen un \u00e1rea de inclusi\u00f3n social para personas con discapacidad y en el momento que me dieron la entrevista y todo cuando hable de la formaci\u00f3n acad\u00e9mica profesional que tengo me dijeron que no me pod\u00edan dar trabajo por ser discapacitado&#8221;, se\u00f1al\u00f3.<\/p>\n\n\n\n<p>Por lo anterior puso su queja ante la CNDH de donde lo canalizaron a las oficinas estatales de la CEDH donde le dieron a conocer que no pod\u00edan hacer nada en el caso de discrimaci\u00f3n que le hicieron en las oficinas de la SSP.<\/p>\n\n\n\n<p>Finalmente dio a conocer que en dos ocasiones ha solicitado el apoyo del gobernador del estado y hasta el momento no ha tenido ninguna respuesta ya que lo \u00fanico que est\u00e1 solicitando es que le den trabajo.<\/p>\n","protected":false},"excerpt":{"rendered":"<p>Dar\u00edo Pale Xalapa, Ver.- Froylan Isaac Canales Bautista ex m\u00e9dico de la Cruz Roja dio a conocer en la Secretar\u00eda de Seguridad P\u00fablica (SSP), fue a solicitar trabajo pero le dijeron que no puede trabajar en esa dependencia ya que que tiene una discapacidad neuromotora permanente. Entrevistado en conocido caf\u00e9 del centro de Xalapa, se\u00f1al\u00f3 [&hellip;]<\/p>\n","protected":false},"author":1,"featured_media":9124,"comment_status":"open","ping_status":"open","sticky":false,"template":"","format":"standard","meta":{"_jetpack_memberships_contains_paid_content":false,"footnotes":""},"categories":[3],"tags":[],"class_list":["post-9123","post","type-post","status-publish","format-standard","has-post-thumbnail","hentry","category-xalapa"],"jetpack_featured_media_url":"https:\/\/encuentroinformativo.com.mx\/wp-content\/uploads\/2020\/12\/8A97F081-76CA-4C14-B2FD-65E12AA01296.jpeg","jetpack_sharing_enabled":true,"jetpack_likes_enabled":true,"amp_enabled":true,"_links":{"self":[{"href":"https:\/\/encuentroinformativo.com.mx\/index.php?rest_route=\/wp\/v2\/posts\/9123","targetHints":{"allow":["GET"]}}],"collection":[{"href":"https:\/\/encuentroinformativo.com.mx\/index.php?rest_route=\/wp\/v2\/posts"}],"about":[{"href":"https:\/\/encuentroinformativo.com.mx\/index.php?rest_route=\/wp\/v2\/types\/post"}],"author":[{"embeddable":true,"href":"https:\/\/encuentroinformativo.com.mx\/index.php?rest_route=\/wp\/v2\/users\/1"}],"replies":[{"embeddable":true,"href":"https:\/\/encuentroinformativo.com.mx\/index.php?rest_route=%2Fwp%2Fv2%2Fcomments&post=9123"}],"version-history":[{"count":1,"href":"https:\/\/encuentroinformativo.com.mx\/index.php?rest_route=\/wp\/v2\/posts\/9123\/revisions"}],"predecessor-version":[{"id":9125,"href":"https:\/\/encuentroinformativo.com.mx\/index.php?rest_route=\/wp\/v2\/posts\/9123\/revisions\/9125"}],"wp:featuredmedia":[{"embeddable":true,"href":"https:\/\/encuentroinformativo.com.mx\/index.php?rest_route=\/wp\/v2\/media\/9124"}],"wp:attachment":[{"href":"https:\/\/encuentroinformativo.com.mx\/index.php?rest_route=%2Fwp%2Fv2%2Fmedia&parent=9123"}],"wp:term":[{"taxonomy":"category","embeddable":true,"href":"https:\/\/encuentroinformativo.com.mx\/index.php?rest_route=%2Fwp%2Fv2%2Fcategories&post=9123"},{"taxonomy":"post_tag","embeddable":true,"href":"https:\/\/encuentroinformativo.com.mx\/index.php?rest_route=%2Fwp%2Fv2%2Ftags&post=9123"}],"curies":[{"name":"wp","href":"https:\/\/api.w.org\/{rel}","templated":true}]}}