{"id":915,"date":"2020-03-14T16:24:27","date_gmt":"2020-03-14T22:24:27","guid":{"rendered":"https:\/\/encuentroinformativo.com\/?p=915"},"modified":"2020-03-14T16:24:30","modified_gmt":"2020-03-14T22:24:30","slug":"falta-dialogo-y-capacidad-en-gobierno-perez-bernabe","status":"publish","type":"post","link":"https:\/\/encuentroinformativo.com.mx\/?p=915","title":{"rendered":"Falta di\u00e1logo y capacidad en Gobierno: P\u00e9rez Bernabe"},"content":{"rendered":"\n<p><strong>Dar\u00edo Pale <\/strong><\/p>\n\n\n\n<p>Xalapa, Ver.- Los ind\u00edgenas que fueron desalojados por la Secretar\u00eda de Seguridad P\u00fablica (SSP), cuando se manifestaban en la entrada al recinto de la Cumbre Taj\u00edn para exigir que los tomar\u00e1n en cuenta para los programas sociales fue muy lamentable as\u00ed lo se\u00f1al\u00f3 el diputado federal Jaime Humberto P\u00e9rez Bernabe.<\/p>\n\n\n\n<p>En conferencia de prensa realizada en conocido caf\u00e9 del centro de Xalapa se\u00f1al\u00f3: \u201cYo veo la falta de capacidad y di\u00e1logo de pol\u00edtica regional, de la subsecretar\u00eda o Secretar\u00eda de Gobierno directamente. No tuvieron esa habilidad y facilidad pero tambi\u00e9n del otro lado hay incitaci\u00f3n a la poblaci\u00f3n\u201d.<\/p>\n\n\n\n<p>Por ello asever\u00f3 que si el secretario de Gobierno no tiene la capacidad para atender acciones como estas, \u201cse tiene que ir, \u00e9l y el equipo que lo rodea porque no est\u00e1n dando resultados positivos\u201d.<\/p>\n\n\n\n<p>Expuso que las provocaciones est\u00e1n todos los d\u00edas pero lo importante es tener la cabeza fr\u00eda \u201cporque hoy en vez de hablar de Cumbre Taj\u00edn, ahora se habla de represi\u00f3n y agresi\u00f3n sobre mujeres y hombres que se suscit\u00f3\u201d.<\/p>\n\n\n\n<p>En ese tenor llam\u00f3 al gobernador Cuitl\u00e1huac Garc\u00eda Jim\u00e9nez para hacer una evaluaci\u00f3n de sus colaboradores y rodearse de ciudadanos que logre que el estado avance con la velocidad que se requiere.<\/p>\n\n\n\n<p><\/p>\n","protected":false},"excerpt":{"rendered":"<p>Dar\u00edo Pale Xalapa, Ver.- Los ind\u00edgenas que fueron desalojados por la Secretar\u00eda de Seguridad P\u00fablica (SSP), cuando se manifestaban en la entrada al recinto de la Cumbre Taj\u00edn para exigir que los tomar\u00e1n en cuenta para los programas sociales fue muy lamentable as\u00ed lo se\u00f1al\u00f3 el diputado federal Jaime Humberto P\u00e9rez Bernabe. En conferencia de [&hellip;]<\/p>\n","protected":false},"author":1,"featured_media":916,"comment_status":"open","ping_status":"open","sticky":false,"template":"","format":"standard","meta":{"_jetpack_memberships_contains_paid_content":false,"footnotes":""},"categories":[2],"tags":[],"class_list":["post-915","post","type-post","status-publish","format-standard","has-post-thumbnail","hentry","category-estado"],"jetpack_featured_media_url":"https:\/\/encuentroinformativo.com.mx\/wp-content\/uploads\/2020\/03\/4BAA9F69-C0F8-49CC-A4DA-F6A28A60A0FB.jpeg","jetpack_sharing_enabled":true,"jetpack_likes_enabled":true,"amp_enabled":true,"_links":{"self":[{"href":"https:\/\/encuentroinformativo.com.mx\/index.php?rest_route=\/wp\/v2\/posts\/915","targetHints":{"allow":["GET"]}}],"collection":[{"href":"https:\/\/encuentroinformativo.com.mx\/index.php?rest_route=\/wp\/v2\/posts"}],"about":[{"href":"https:\/\/encuentroinformativo.com.mx\/index.php?rest_route=\/wp\/v2\/types\/post"}],"author":[{"embeddable":true,"href":"https:\/\/encuentroinformativo.com.mx\/index.php?rest_route=\/wp\/v2\/users\/1"}],"replies":[{"embeddable":true,"href":"https:\/\/encuentroinformativo.com.mx\/index.php?rest_route=%2Fwp%2Fv2%2Fcomments&post=915"}],"version-history":[{"count":1,"href":"https:\/\/encuentroinformativo.com.mx\/index.php?rest_route=\/wp\/v2\/posts\/915\/revisions"}],"predecessor-version":[{"id":917,"href":"https:\/\/encuentroinformativo.com.mx\/index.php?rest_route=\/wp\/v2\/posts\/915\/revisions\/917"}],"wp:featuredmedia":[{"embeddable":true,"href":"https:\/\/encuentroinformativo.com.mx\/index.php?rest_route=\/wp\/v2\/media\/916"}],"wp:attachment":[{"href":"https:\/\/encuentroinformativo.com.mx\/index.php?rest_route=%2Fwp%2Fv2%2Fmedia&parent=915"}],"wp:term":[{"taxonomy":"category","embeddable":true,"href":"https:\/\/encuentroinformativo.com.mx\/index.php?rest_route=%2Fwp%2Fv2%2Fcategories&post=915"},{"taxonomy":"post_tag","embeddable":true,"href":"https:\/\/encuentroinformativo.com.mx\/index.php?rest_route=%2Fwp%2Fv2%2Ftags&post=915"}],"curies":[{"name":"wp","href":"https:\/\/api.w.org\/{rel}","templated":true}]}}