{"id":9151,"date":"2020-12-15T11:16:35","date_gmt":"2020-12-15T17:16:35","guid":{"rendered":"https:\/\/encuentroinformativo.com.mx\/?p=9151"},"modified":"2020-12-15T11:17:38","modified_gmt":"2020-12-15T17:17:38","slug":"anuncian-inicio-de-operaciones-de-uber-en-veracruz","status":"publish","type":"post","link":"https:\/\/encuentroinformativo.com.mx\/?p=9151","title":{"rendered":"Anuncian inicio de operaciones de Uber en Veracruz"},"content":{"rendered":"\n<p>Xalapa, Ver.- Con el inicio de operaciones de #UberEnVeracruz, miles de jarochos ya no tendr\u00e1n que esperar para, a trav\u00e9s de la tecnolog\u00eda, tener acceso a una opci\u00f3n de movilidad eficiente, confiable y con m\u00faltiples funciones de seguridad. Uber estar\u00e1 disponible a partir de hoy en las ciudades de Veracruz, Xalapa y Coatzacoalcos.<\/p>\n\n\n\n<p>\u201cEstamos muy contentos de iniciar este viaje en Veracruz, en donde sabemos que en los \u00faltimos 3 a\u00f1os, m\u00e1s de 1.3 millones de personas han buscado e intentado solicitar viajes mediante la&nbsp;app. Incluso, recientes encuestas realizadas en medios de comunicaci\u00f3n, muestran que el 91% de la poblaci\u00f3n apoya nuestra llegada al estado\u201d, explic\u00f3 Mar\u00eda Eugenia Zurita, Directora de Comunicaci\u00f3n de Uber en M\u00e9xico.<\/p>\n\n\n\n<p>Adem\u00e1s de brindar a los veracruzanos una alternativa privada de movilidad, Uber estima generar en un a\u00f1o m\u00e1s de 2 mil oportunidades de autoempleo para todos aquellos interesados en convertirse en socias y socios conductores de la aplicaci\u00f3n en el estado, lo cual les permitir\u00e1 generar ganancias adicionales a favor de la econom\u00eda de sus familias.<\/p>\n\n\n\n<p>\u201cSabemos que la situaci\u00f3n sin precedentes en la que vivimos ha dejado a muchas personas sin ingresos, por tal motivo, a todos ellos, hoy los invitamos a registrarse a la aplicaci\u00f3n de Uber y puedan autoemplearse; lo cual a su vez propiciar\u00e1 la reactivaci\u00f3n econ\u00f3mica y el desarrollo del estado de Veracruz, sin mencionar el apoyo que nuestra tecnolog\u00eda brindar\u00e1 al turismo una vez que \u00e9ste se reactive\u201d, a\u00f1adi\u00f3 Zurita.&nbsp;&nbsp;<\/p>\n\n\n\n<p>Por otro lado, la seguridad es una prioridad para Uber. Siendo as\u00ed, se trabaja en ello antes, durante y despu\u00e9s de cada viaje: desde el proceso de registro para todos aquellos interesados en autoemplearse como socios conductores, que \u00fanicamente el 12% de quienes inician una solicitud a nivel nacional logra completar satisfactoriamente, hasta la cobertura de seguro con AXA que respalda todos los viajes contratados a trav\u00e9s de la aplicaci\u00f3n, y el soporte disponible 24\/7. Adem\u00e1s de diferentes acciones para prevenir la propagaci\u00f3n del COVID-19, como del uso obligatorio de cubrebocas para socios conductores y usuarios.&nbsp;<\/p>\n\n\n\n<p>Asimismo, para la operaci\u00f3n de Uber en el estado, en noviembre de este a\u00f1o un Juez Federal emiti\u00f3&nbsp;una sentencia definitiva en la que reconoce que servicios como los de Uber no se encuentran regulados dentro de la actual Ley de Tr\u00e1nsito y Transporte de Veracruz, la cual ofrece un marco para el transporte p\u00fablico, y no para el privado, como el que se intermedia y contrata mediante la app de Uber. Por tal motivo, no existe restricci\u00f3n alguna con sustento legal para que ciudadanos cuenten con nuevas alternativas privadas y tecnol\u00f3gicas de movilidad, adem\u00e1s de autoemplearse a trav\u00e9s de ellas.<\/p>\n\n\n\n<p>\u201cLlegamos a Veracruz con el \u00e1nimo de ser parte del d\u00eda a d\u00eda de todos en diferentes ciudades del estado, en donde miles de personas han pedido y esperado la aplicaci\u00f3n de Uber; le recordamos a nuestros socios conductores y usuarios portar siempre el cubrebocas en cualquier experiencia de movilidad con la app de Uber. En favor de la movilidad y econom\u00eda de miles de ciudadanos que lo piden, hoy arrancamos el viaje\u201d, finaliz\u00f3 Mar\u00eda Eugenia Zurita, Directora de Comunicaci\u00f3n de Uber en M\u00e9xico.&nbsp;&nbsp;<\/p>\n\n\n\n<p>La aplicaci\u00f3n de Uber se podr\u00e1 descargar en<a rel=\"noreferrer noopener\" href=\"https:\/\/play.google.com\/store\/apps\/details?id=com.ubercab&amp;hl=es_419\" target=\"_blank\">Google Play Store<\/a>\u00a0para usuarios de Android y en la\u00a0<a rel=\"noreferrer noopener\" href=\"https:\/\/itunes.apple.com\/mx\/app\/uber\/id368677368?mt=8\" target=\"_blank\">App Store<\/a>\u00a0para usuarios de iOS.<\/p>\n\n\n\n<figure class=\"wp-block-image size-large\"><img loading=\"lazy\" decoding=\"async\" width=\"1024\" height=\"808\" src=\"https:\/\/encuentroinformativo.com.mx\/wp-content\/uploads\/2020\/12\/8AD5AAA6-0B16-46DE-81A5-2B4A18D706F3-1024x808.jpeg\" alt=\"\" class=\"wp-image-9152\" srcset=\"https:\/\/encuentroinformativo.com.mx\/wp-content\/uploads\/2020\/12\/8AD5AAA6-0B16-46DE-81A5-2B4A18D706F3-1024x808.jpeg 1024w, https:\/\/encuentroinformativo.com.mx\/wp-content\/uploads\/2020\/12\/8AD5AAA6-0B16-46DE-81A5-2B4A18D706F3-300x237.jpeg 300w, https:\/\/encuentroinformativo.com.mx\/wp-content\/uploads\/2020\/12\/8AD5AAA6-0B16-46DE-81A5-2B4A18D706F3-768x606.jpeg 768w, https:\/\/encuentroinformativo.com.mx\/wp-content\/uploads\/2020\/12\/8AD5AAA6-0B16-46DE-81A5-2B4A18D706F3-1536x1211.jpeg 1536w, https:\/\/encuentroinformativo.com.mx\/wp-content\/uploads\/2020\/12\/8AD5AAA6-0B16-46DE-81A5-2B4A18D706F3-2048x1615.jpeg 2048w\" sizes=\"auto, (max-width: 1024px) 100vw, 1024px\" \/><\/figure>\n","protected":false},"excerpt":{"rendered":"<p>Xalapa, Ver.- Con el inicio de operaciones de #UberEnVeracruz, miles de jarochos ya no tendr\u00e1n que esperar para, a trav\u00e9s de la tecnolog\u00eda, tener acceso a una opci\u00f3n de movilidad eficiente, confiable y con m\u00faltiples funciones de seguridad. Uber estar\u00e1 disponible a partir de hoy en las ciudades de Veracruz, Xalapa y Coatzacoalcos. \u201cEstamos muy [&hellip;]<\/p>\n","protected":false},"author":1,"featured_media":9152,"comment_status":"open","ping_status":"open","sticky":false,"template":"","format":"standard","meta":{"_jetpack_memberships_contains_paid_content":false,"footnotes":""},"categories":[2],"tags":[],"class_list":["post-9151","post","type-post","status-publish","format-standard","has-post-thumbnail","hentry","category-estado"],"jetpack_featured_media_url":"https:\/\/encuentroinformativo.com.mx\/wp-content\/uploads\/2020\/12\/8AD5AAA6-0B16-46DE-81A5-2B4A18D706F3.jpeg","jetpack_sharing_enabled":true,"jetpack_likes_enabled":true,"amp_enabled":true,"_links":{"self":[{"href":"https:\/\/encuentroinformativo.com.mx\/index.php?rest_route=\/wp\/v2\/posts\/9151","targetHints":{"allow":["GET"]}}],"collection":[{"href":"https:\/\/encuentroinformativo.com.mx\/index.php?rest_route=\/wp\/v2\/posts"}],"about":[{"href":"https:\/\/encuentroinformativo.com.mx\/index.php?rest_route=\/wp\/v2\/types\/post"}],"author":[{"embeddable":true,"href":"https:\/\/encuentroinformativo.com.mx\/index.php?rest_route=\/wp\/v2\/users\/1"}],"replies":[{"embeddable":true,"href":"https:\/\/encuentroinformativo.com.mx\/index.php?rest_route=%2Fwp%2Fv2%2Fcomments&post=9151"}],"version-history":[{"count":2,"href":"https:\/\/encuentroinformativo.com.mx\/index.php?rest_route=\/wp\/v2\/posts\/9151\/revisions"}],"predecessor-version":[{"id":9154,"href":"https:\/\/encuentroinformativo.com.mx\/index.php?rest_route=\/wp\/v2\/posts\/9151\/revisions\/9154"}],"wp:featuredmedia":[{"embeddable":true,"href":"https:\/\/encuentroinformativo.com.mx\/index.php?rest_route=\/wp\/v2\/media\/9152"}],"wp:attachment":[{"href":"https:\/\/encuentroinformativo.com.mx\/index.php?rest_route=%2Fwp%2Fv2%2Fmedia&parent=9151"}],"wp:term":[{"taxonomy":"category","embeddable":true,"href":"https:\/\/encuentroinformativo.com.mx\/index.php?rest_route=%2Fwp%2Fv2%2Fcategories&post=9151"},{"taxonomy":"post_tag","embeddable":true,"href":"https:\/\/encuentroinformativo.com.mx\/index.php?rest_route=%2Fwp%2Fv2%2Ftags&post=9151"}],"curies":[{"name":"wp","href":"https:\/\/api.w.org\/{rel}","templated":true}]}}