{"id":9168,"date":"2020-12-15T15:08:29","date_gmt":"2020-12-15T21:08:29","guid":{"rendered":"https:\/\/encuentroinformativo.com.mx\/?p=9168"},"modified":"2020-12-15T15:09:13","modified_gmt":"2020-12-15T21:09:13","slug":"aglomeran-a-egresados-de-medicina-en-secretaria-de-salud","status":"publish","type":"post","link":"https:\/\/encuentroinformativo.com.mx\/?p=9168","title":{"rendered":"Aglomeran a egresados de medicina en Secretar\u00eda de Salud"},"content":{"rendered":"\n<p><strong>Juan Arcos <\/strong><\/p>\n\n\n\n<p>Xalapa, Ver.- La Secretar\u00eda de Salud de Veracruz (SS) convoc\u00f3 a egresados de medicina a sus oficinas administrativas para entregarles sus constancias de residencia; sin embargo, no se respetaron las medidas sanitarias, pese a la pandemia del SARS-COV-2 (COVID-19).<\/p>\n\n\n\n<p>Decenas de j\u00f3venes se concentraron e hicieron fila afuera del edificio, ubicado sobre la avenida Am\u00e9ricas esquina Independencia de la colonia 2 de Abril, pero sin acatar la sana distancia.<\/p>\n\n\n\n<p>Uno de los egresados indic\u00f3 que este martes 15 de diciembre es la \u00fanica fecha para recibir la constancia de su residencia.<\/p>\n\n\n\n<p>A\u00f1adi\u00f3 que posteriormente deber\u00e1n subir la documentaci\u00f3n a la plataforma de la dependencia estatal, para hacer un examen y, con base en ello, les asignen un espacio para continuar con sus pr\u00e1cticas profesionales.<\/p>\n\n\n\n<p>El entrevistado mencion\u00f3 que recibieron recomendaciones por parte del personal de Salud, para que se respetaran las medidas sanitarias, mismas que no acataron los asistentes.<\/p>\n\n\n\n<p>\u201cEllos dan las indicaciones y uno es quien las tiene que atacar. Y s\u00f3lo esta fecha es la entrega de los documentos\u201d.<\/p>\n\n\n\n<p>Los j\u00f3venes se amontonaron en la acera, pese a que el sem\u00e1foro epidemiol\u00f3gico contin\u00faa en color naranja, de riesgo alto de contagio, en la capital del estado.<\/p>\n\n\n\n<p>Hasta la noche del lunes 14 de diciembre, en Xalapa se reportaron 2 mil 663 casos confirmados, 434 defunciones y 608 sospechosos.<\/p>\n\n\n\n<p>De manera constante, el titular de la Secretar\u00eda de Salud de Veracruz, Roberto Ramos Alor, ha insistido a la poblaci\u00f3n que acate las recomendaciones sanitarias y sobre todo que evite aglomeraciones.<\/p>\n\n\n\n<p>El gobernador Cuitl\u00e1huac Garc\u00eda Jim\u00e9nez emiti\u00f3 un nuevo decreto para el estado de Veracruz con el que se establece la campa\u00f1a \u201cmanteng\u00e1monos en verde, cuida tu salud\u201d, mismo que estar\u00e1 vigente del lunes 6 de diciembre al domingo 3 de enero de 2021.<\/p>\n\n\n\n<p>Sin embargo, la falta de organizaci\u00f3n en la Secretar\u00eda de Salud estatal ocasion\u00f3 que decenas de egresados de medicina se concentraran afuera de las oficinas de la dependencia, elev\u00e1ndose el riesgo de contagio de coronavirus.<\/p>\n\n\n\n<figure class=\"wp-block-image size-large\"><img loading=\"lazy\" decoding=\"async\" width=\"1024\" height=\"768\" src=\"https:\/\/encuentroinformativo.com.mx\/wp-content\/uploads\/2020\/12\/56AB5A2C-78D6-481C-9A8E-4154B17757A6-1024x768.jpeg\" alt=\"\" class=\"wp-image-9169\" srcset=\"https:\/\/encuentroinformativo.com.mx\/wp-content\/uploads\/2020\/12\/56AB5A2C-78D6-481C-9A8E-4154B17757A6-1024x768.jpeg 1024w, https:\/\/encuentroinformativo.com.mx\/wp-content\/uploads\/2020\/12\/56AB5A2C-78D6-481C-9A8E-4154B17757A6-300x225.jpeg 300w, https:\/\/encuentroinformativo.com.mx\/wp-content\/uploads\/2020\/12\/56AB5A2C-78D6-481C-9A8E-4154B17757A6-768x576.jpeg 768w, https:\/\/encuentroinformativo.com.mx\/wp-content\/uploads\/2020\/12\/56AB5A2C-78D6-481C-9A8E-4154B17757A6-1536x1152.jpeg 1536w, https:\/\/encuentroinformativo.com.mx\/wp-content\/uploads\/2020\/12\/56AB5A2C-78D6-481C-9A8E-4154B17757A6.jpeg 1600w\" sizes=\"auto, (max-width: 1024px) 100vw, 1024px\" \/><\/figure>\n\n\n\n<p><\/p>\n","protected":false},"excerpt":{"rendered":"<p>Juan Arcos Xalapa, Ver.- La Secretar\u00eda de Salud de Veracruz (SS) convoc\u00f3 a egresados de medicina a sus oficinas administrativas para entregarles sus constancias de residencia; sin embargo, no se respetaron las medidas sanitarias, pese a la pandemia del SARS-COV-2 (COVID-19). Decenas de j\u00f3venes se concentraron e hicieron fila afuera del edificio, ubicado sobre la [&hellip;]<\/p>\n","protected":false},"author":1,"featured_media":9169,"comment_status":"open","ping_status":"open","sticky":false,"template":"","format":"standard","meta":{"_jetpack_memberships_contains_paid_content":false,"footnotes":""},"categories":[9],"tags":[],"class_list":["post-9168","post","type-post","status-publish","format-standard","has-post-thumbnail","hentry","category-salud"],"jetpack_featured_media_url":"https:\/\/encuentroinformativo.com.mx\/wp-content\/uploads\/2020\/12\/56AB5A2C-78D6-481C-9A8E-4154B17757A6.jpeg","jetpack_sharing_enabled":true,"jetpack_likes_enabled":true,"amp_enabled":true,"_links":{"self":[{"href":"https:\/\/encuentroinformativo.com.mx\/index.php?rest_route=\/wp\/v2\/posts\/9168","targetHints":{"allow":["GET"]}}],"collection":[{"href":"https:\/\/encuentroinformativo.com.mx\/index.php?rest_route=\/wp\/v2\/posts"}],"about":[{"href":"https:\/\/encuentroinformativo.com.mx\/index.php?rest_route=\/wp\/v2\/types\/post"}],"author":[{"embeddable":true,"href":"https:\/\/encuentroinformativo.com.mx\/index.php?rest_route=\/wp\/v2\/users\/1"}],"replies":[{"embeddable":true,"href":"https:\/\/encuentroinformativo.com.mx\/index.php?rest_route=%2Fwp%2Fv2%2Fcomments&post=9168"}],"version-history":[{"count":2,"href":"https:\/\/encuentroinformativo.com.mx\/index.php?rest_route=\/wp\/v2\/posts\/9168\/revisions"}],"predecessor-version":[{"id":9171,"href":"https:\/\/encuentroinformativo.com.mx\/index.php?rest_route=\/wp\/v2\/posts\/9168\/revisions\/9171"}],"wp:featuredmedia":[{"embeddable":true,"href":"https:\/\/encuentroinformativo.com.mx\/index.php?rest_route=\/wp\/v2\/media\/9169"}],"wp:attachment":[{"href":"https:\/\/encuentroinformativo.com.mx\/index.php?rest_route=%2Fwp%2Fv2%2Fmedia&parent=9168"}],"wp:term":[{"taxonomy":"category","embeddable":true,"href":"https:\/\/encuentroinformativo.com.mx\/index.php?rest_route=%2Fwp%2Fv2%2Fcategories&post=9168"},{"taxonomy":"post_tag","embeddable":true,"href":"https:\/\/encuentroinformativo.com.mx\/index.php?rest_route=%2Fwp%2Fv2%2Ftags&post=9168"}],"curies":[{"name":"wp","href":"https:\/\/api.w.org\/{rel}","templated":true}]}}