{"id":9177,"date":"2020-12-15T16:05:25","date_gmt":"2020-12-15T22:05:25","guid":{"rendered":"https:\/\/encuentroinformativo.com.mx\/?p=9177"},"modified":"2020-12-15T16:11:55","modified_gmt":"2020-12-15T22:11:55","slug":"por-fin-de-ano-blindara-ayuntamiento-bulevar-de-veracruz-puerto","status":"publish","type":"post","link":"https:\/\/encuentroinformativo.com.mx\/?p=9177","title":{"rendered":"Por fin de a\u00f1o, blindar\u00e1 Ayuntamiento bulevar de Veracruz puerto"},"content":{"rendered":"\n<p><strong>Alejandro \u00c1vila<\/strong><\/p>\n\n\n\n<p>Veracruz, Ver.- El Ayuntamiento de Veracruz tomar\u00e1 medidas cabildeadas con empresarios y la Polic\u00eda Naval, para blindar la zona de Los Portales de Lerdo y el bulevar &#8220;Manuel \u00c1vila Camacho&#8221; durante el fin de a\u00f1o, inform\u00f3 el alcalde Fernando Yunes M\u00e1rquez.<\/p>\n\n\n\n<p>En la ciudad es una tradici\u00f3n acudir la tarde el \u00faltimo d\u00eda del a\u00f1o a Los Portales a brindar con amigos y familiares, y por la madrugada del primer d\u00eda del nuevo a\u00f1o, acudir al bulevar para seguir el festejo mientras se espera el primer amanecer.<\/p>\n\n\n\n<p>&#8220;La tradici\u00f3n de ir a Los Portales, por ejemplo, que nosotros no queremos afectar a quien trabaja ah\u00ed, pero vamos a buscar darle el mayor orden posible, pedirle a la gente su cooperaci\u00f3n, trabajar en gran medida en base a reservaciones, que la gente sepa que tiene que hacer reservaci\u00f3n para ir, y ayer tuvimos la primer reuni\u00f3n con todos los due\u00f1os de locales en la zona centro, principalmente en Los Portales, para ver como vamos a poder regular, insisto sin afectar su venta, yo entiendo que ellos esperan tambi\u00e9n el d\u00eda 31 para llevar la venta m\u00e1s fuerte del a\u00f1o&#8221;, apunt\u00f3.<\/p>\n\n\n\n<p>El operativo con las especificaciones a las que se lleguen, se dar\u00e1 a conocer el pr\u00f3ximo martes 22 de diciembre, donde estar\u00e1n coordinandose Polic\u00eda Naval, Polic\u00eda Municipal, y las direcciones de Protecci\u00f3n Civil, Gobernaci\u00f3n, Tr\u00e1nsito y Vialidad, Limpia P\u00fablica y Comercio.<\/p>\n\n\n\n<p>Yunes M\u00e1rquez aclar\u00f3 que en este a\u00f1o quedan totalmente descartados los permisos para cierres de calles, mismos que en algunas ocasiones solicitaban familias numeroras para realizar su cena y baile de Navidad o Fin de A\u00f1o.<\/p>\n\n\n\n<p>Finalmente, dijo que el &#8220;Operativo Amanecer&#8221; en el bulevar &#8220;Manuel \u00c1vila Camacho&#8221; lo coordinar\u00e1 en su totalidad la Secretar\u00eda de Marina.<\/p>\n\n\n\n<figure class=\"wp-block-image size-large\"><img loading=\"lazy\" decoding=\"async\" width=\"1024\" height=\"683\" src=\"https:\/\/encuentroinformativo.com.mx\/wp-content\/uploads\/2020\/12\/3C46AE9C-D415-422E-A794-BC216795EAF9.jpeg\" alt=\"\" class=\"wp-image-9180\" srcset=\"https:\/\/encuentroinformativo.com.mx\/wp-content\/uploads\/2020\/12\/3C46AE9C-D415-422E-A794-BC216795EAF9.jpeg 1024w, https:\/\/encuentroinformativo.com.mx\/wp-content\/uploads\/2020\/12\/3C46AE9C-D415-422E-A794-BC216795EAF9-300x200.jpeg 300w, https:\/\/encuentroinformativo.com.mx\/wp-content\/uploads\/2020\/12\/3C46AE9C-D415-422E-A794-BC216795EAF9-768x512.jpeg 768w\" sizes=\"auto, (max-width: 1024px) 100vw, 1024px\" \/><\/figure>\n","protected":false},"excerpt":{"rendered":"<p>Alejandro \u00c1vila Veracruz, Ver.- El Ayuntamiento de Veracruz tomar\u00e1 medidas cabildeadas con empresarios y la Polic\u00eda Naval, para blindar la zona de Los Portales de Lerdo y el bulevar &#8220;Manuel \u00c1vila Camacho&#8221; durante el fin de a\u00f1o, inform\u00f3 el alcalde Fernando Yunes M\u00e1rquez. En la ciudad es una tradici\u00f3n acudir la tarde el \u00faltimo d\u00eda [&hellip;]<\/p>\n","protected":false},"author":1,"featured_media":9178,"comment_status":"open","ping_status":"open","sticky":false,"template":"","format":"standard","meta":{"_jetpack_memberships_contains_paid_content":false,"footnotes":""},"categories":[2],"tags":[],"class_list":["post-9177","post","type-post","status-publish","format-standard","has-post-thumbnail","hentry","category-estado"],"jetpack_featured_media_url":"https:\/\/encuentroinformativo.com.mx\/wp-content\/uploads\/2020\/12\/C2AB821D-412E-43CA-8CD6-6E8262DC445F.jpeg","jetpack_sharing_enabled":true,"jetpack_likes_enabled":true,"amp_enabled":true,"_links":{"self":[{"href":"https:\/\/encuentroinformativo.com.mx\/index.php?rest_route=\/wp\/v2\/posts\/9177","targetHints":{"allow":["GET"]}}],"collection":[{"href":"https:\/\/encuentroinformativo.com.mx\/index.php?rest_route=\/wp\/v2\/posts"}],"about":[{"href":"https:\/\/encuentroinformativo.com.mx\/index.php?rest_route=\/wp\/v2\/types\/post"}],"author":[{"embeddable":true,"href":"https:\/\/encuentroinformativo.com.mx\/index.php?rest_route=\/wp\/v2\/users\/1"}],"replies":[{"embeddable":true,"href":"https:\/\/encuentroinformativo.com.mx\/index.php?rest_route=%2Fwp%2Fv2%2Fcomments&post=9177"}],"version-history":[{"count":2,"href":"https:\/\/encuentroinformativo.com.mx\/index.php?rest_route=\/wp\/v2\/posts\/9177\/revisions"}],"predecessor-version":[{"id":9181,"href":"https:\/\/encuentroinformativo.com.mx\/index.php?rest_route=\/wp\/v2\/posts\/9177\/revisions\/9181"}],"wp:featuredmedia":[{"embeddable":true,"href":"https:\/\/encuentroinformativo.com.mx\/index.php?rest_route=\/wp\/v2\/media\/9178"}],"wp:attachment":[{"href":"https:\/\/encuentroinformativo.com.mx\/index.php?rest_route=%2Fwp%2Fv2%2Fmedia&parent=9177"}],"wp:term":[{"taxonomy":"category","embeddable":true,"href":"https:\/\/encuentroinformativo.com.mx\/index.php?rest_route=%2Fwp%2Fv2%2Fcategories&post=9177"},{"taxonomy":"post_tag","embeddable":true,"href":"https:\/\/encuentroinformativo.com.mx\/index.php?rest_route=%2Fwp%2Fv2%2Ftags&post=9177"}],"curies":[{"name":"wp","href":"https:\/\/api.w.org\/{rel}","templated":true}]}}