{"id":9185,"date":"2020-12-15T16:38:30","date_gmt":"2020-12-15T22:38:30","guid":{"rendered":"https:\/\/encuentroinformativo.com.mx\/?p=9185"},"modified":"2020-12-15T16:38:32","modified_gmt":"2020-12-15T22:38:32","slug":"piden-grupos-lgbt-espacios-para-cargos-de-eleccion-popular","status":"publish","type":"post","link":"https:\/\/encuentroinformativo.com.mx\/?p=9185","title":{"rendered":"Piden grupos LGBT espacios para cargos de elecci\u00f3n popular"},"content":{"rendered":"\n<p><strong>Alejandro \u00c1vila<\/strong><\/p>\n\n\n\n<p>Veracruz, Ver.- Integrantes de la comunidad LGBT adheridos a MORENA, solicitaron en una reuni\u00f3n de trabajo de cara a las elecciones del 2021, ser tomados en cuenta para poder ser aspirantes a un cargo de elecci\u00f3n popular.<\/p>\n\n\n\n<p>\u00d3scar Fuentes M\u00e1rquez, delegado del Distrito 4, consejero estatal y enlace nacional de la diversidad sexual de MORENA, tom\u00f3 la palabra en el sal\u00f3n de conocido hotel de Veracruz y solicit\u00f3, en primera instancia, una apertura total para la comunidad LGBT.<\/p>\n\n\n\n<p>En el evento, estuvo presente Gonzalo Vicencio Flores, Secretario General en funciones de presidente estatal de MORENA, quien acudio a la reuni\u00f3n para conocer las inquietudes y las propuestas sobre el tema.<\/p>\n\n\n\n<p>Vicencio Flores reconoci\u00f3 que es necesario que en las pr\u00f3ximos comicios del 2021 se de la oportunidad a los integrantes de la comunidad LGBT para poder aspirar a cargos de elecci\u00f3n popular y poder tener as\u00ed mayor representaci\u00f3n en los gobiernos.<\/p>\n\n\n\n<p>En ese sentido, expuso que en anteriores ocasiones no se les ha dado el espacio que merecen, y eso en algunos casos ha impedido que se legisle de forma adecuada los problemas que enfrenten d\u00eda a d\u00eda en igualdad, crimenes de odio y matrimonio igualitario.<\/p>\n\n\n\n<p>Finalmente, Vicencio Flores se comprometi\u00f3 a dar mayores oportunidades a las personas LGBT que forman parte del partido para que en estos pr\u00f3ximos comicios puedan tener un lugar entre las candidaturas disponibles.<\/p>\n","protected":false},"excerpt":{"rendered":"<p>Alejandro \u00c1vila Veracruz, Ver.- Integrantes de la comunidad LGBT adheridos a MORENA, solicitaron en una reuni\u00f3n de trabajo de cara a las elecciones del 2021, ser tomados en cuenta para poder ser aspirantes a un cargo de elecci\u00f3n popular. \u00d3scar Fuentes M\u00e1rquez, delegado del Distrito 4, consejero estatal y enlace nacional de la diversidad sexual [&hellip;]<\/p>\n","protected":false},"author":1,"featured_media":9186,"comment_status":"open","ping_status":"open","sticky":false,"template":"","format":"standard","meta":{"_jetpack_memberships_contains_paid_content":false,"footnotes":""},"categories":[2],"tags":[],"class_list":["post-9185","post","type-post","status-publish","format-standard","has-post-thumbnail","hentry","category-estado"],"jetpack_featured_media_url":"https:\/\/encuentroinformativo.com.mx\/wp-content\/uploads\/2020\/12\/BDF4D6A7-0F38-4F07-B1A3-4687B3E984C9.jpeg","jetpack_sharing_enabled":true,"jetpack_likes_enabled":true,"amp_enabled":true,"_links":{"self":[{"href":"https:\/\/encuentroinformativo.com.mx\/index.php?rest_route=\/wp\/v2\/posts\/9185","targetHints":{"allow":["GET"]}}],"collection":[{"href":"https:\/\/encuentroinformativo.com.mx\/index.php?rest_route=\/wp\/v2\/posts"}],"about":[{"href":"https:\/\/encuentroinformativo.com.mx\/index.php?rest_route=\/wp\/v2\/types\/post"}],"author":[{"embeddable":true,"href":"https:\/\/encuentroinformativo.com.mx\/index.php?rest_route=\/wp\/v2\/users\/1"}],"replies":[{"embeddable":true,"href":"https:\/\/encuentroinformativo.com.mx\/index.php?rest_route=%2Fwp%2Fv2%2Fcomments&post=9185"}],"version-history":[{"count":1,"href":"https:\/\/encuentroinformativo.com.mx\/index.php?rest_route=\/wp\/v2\/posts\/9185\/revisions"}],"predecessor-version":[{"id":9187,"href":"https:\/\/encuentroinformativo.com.mx\/index.php?rest_route=\/wp\/v2\/posts\/9185\/revisions\/9187"}],"wp:featuredmedia":[{"embeddable":true,"href":"https:\/\/encuentroinformativo.com.mx\/index.php?rest_route=\/wp\/v2\/media\/9186"}],"wp:attachment":[{"href":"https:\/\/encuentroinformativo.com.mx\/index.php?rest_route=%2Fwp%2Fv2%2Fmedia&parent=9185"}],"wp:term":[{"taxonomy":"category","embeddable":true,"href":"https:\/\/encuentroinformativo.com.mx\/index.php?rest_route=%2Fwp%2Fv2%2Fcategories&post=9185"},{"taxonomy":"post_tag","embeddable":true,"href":"https:\/\/encuentroinformativo.com.mx\/index.php?rest_route=%2Fwp%2Fv2%2Ftags&post=9185"}],"curies":[{"name":"wp","href":"https:\/\/api.w.org\/{rel}","templated":true}]}}