{"id":9190,"date":"2020-12-16T07:12:00","date_gmt":"2020-12-16T13:12:00","guid":{"rendered":"https:\/\/encuentroinformativo.com.mx\/?p=9190"},"modified":"2020-12-15T23:16:32","modified_gmt":"2020-12-16T05:16:32","slug":"uber-retrasar-lo-inevitable","status":"publish","type":"post","link":"https:\/\/encuentroinformativo.com.mx\/?p=9190","title":{"rendered":"UBER: RETRASAR LO INEVITABLE"},"content":{"rendered":"\n<p><strong>+ Dos cosas hicieron bien los diputados\u00a0<a href=\"outlook-data-detector:\/\/0\">este martes<\/a>.<br>+ Xique\u00f1os infectados de Covid al Hospital Civil de Xalapa.<br>+ Nos leemos en una semana.<br><br><em>Informan desde el gabacho que Biden ya puede dormir en paz porque estaba muy al pendiente de la felicitaci\u00f3n del AMLO.<br>&#8211;Chopenjawer<\/em><br><\/strong><br>Al medio d\u00eda de\u00a0<a href=\"outlook-data-detector:\/\/1\">este martes<\/a>, la noticia del d\u00eda era que &#8211;por fin&#8211; llegaba la plataforma de transporte Uber a la entidad, operando en\u00a0<a href=\"outlook-data-detector:\/\/2\">las tres<\/a>\u00a0ciudades principales del estado: Xalapa, Veracruz y Coatzacoalcos.<\/p>\n\n\n\n<p>Quienes ya hemos usado esta aplicaci\u00f3n sabemos de lo conveniente que es no s\u00f3lo por la facilidad de poder solicitar un servicio v\u00eda celular, sino que las unidades tienen un nivel de calidad en la limpieza, modelo, etc., puede uno escoger el tipo de veh\u00edculo y hacer pagos electr\u00f3nicos sabiendo de antemano la tarifa, entre otras ventajas sobre el transporte p\u00fablico tradicional.<\/p>\n\n\n\n<p>Pero la respuesta inesperada vino por parte de las autoridades de la Direcci\u00f3n de Transporte del Estado (Gobierno de Veracruz, pues) que neg\u00f3 la existencia de la autorizaci\u00f3n para que la empresa de servicios Uber opere en la entidad.<\/p>\n\n\n\n<p>Su comunicado subraya: &#8220;la Ley 589 de Tr\u00e1nsito y Transporte proh\u00edbe prestar el servicio p\u00fablico en cualquiera de sus modalidades sin concesi\u00f3n correspondiente&#8221;.<\/p>\n\n\n\n<p>No obstante, seg\u00fan una declaraci\u00f3n atribuida a Mar\u00eda Eugenia Zurita, directora de Comunicaci\u00f3n de Uber en M\u00e9xico, indica que para la operaci\u00f3n de Uber en el estado, en noviembre de este a\u00f1o un Juez Federal emiti\u00f3 una sentencia definitiva en la que reconoce que servicios como los de Uber no se encuentran regulados dentro de la actual Ley de Tr\u00e1nsito y Transporte de Veracruz, por ser un transporte privado.<\/p>\n\n\n\n<p>Pero el asunto va m\u00e1s all\u00e1 de las chaquetas oficiales, judiciales y jur\u00eddicas: el fondo es pol\u00edtico.<\/p>\n\n\n\n<p>De entrada, el anuncio de arranque de operaciones de Uber en Veracruz se da en el momento donde el gremio de los taxistas saben que pueden recuperarse en el a\u00f1o luego del fuerte golpe al bolsillo por la pandemia del Covid19, donde precisamente uno de los sectores m\u00e1s afectados fue el de los trabajadores del volante.<\/p>\n\n\n\n<p>Pero la crisis no s\u00f3lo es con la pandemia, sino que viene arrastr\u00e1ndose desde hace rato.<\/p>\n\n\n\n<p>Si bien la poblaci\u00f3n de la regi\u00f3n de Xalapa y Coatepec &#8211;por citar un ejemplo&#8211; ha crecido bastante y obviamente necesitar\u00eda de m\u00e1s movilidad, en tiempos del gobernador Fidel Herrera fue p\u00fablico que se entregaron miles de placas como si fuesen tortillas, lo que lleg\u00f3 a duplicar el n\u00famero de unidades en la regi\u00f3n, y a su vez golpe\u00f3 a los choferes que vieron sus ganancias disminuidas por la llegada de nuevos taxis. Este asunto continu\u00f3 en el Duartismo, donde las placas se entregaban tambi\u00e9n a organizaciones &#8220;sociales&#8221; y se hac\u00eda el gran negocio de la reventa de las concesiones.<\/p>\n\n\n\n<p>La gran cantidad de unidades hizo que el servicio se convirtiera no s\u00f3lo en un refugio de delincuentes y operadores del crimen organizado, sino que hizo peor la calidad en el servicio y que un gremio creciera para convertirse en algo intocable, porque adem\u00e1s serv\u00edan para acarreo y movilizaci\u00f3n de gente para actos pol\u00edticos muy del estilo priista.<\/p>\n\n\n\n<p>Todav\u00eda en mayo de 2016, a propuesta de los entonces diputados Ciro Gonzalo F\u00e9lix Porras y Cuauht\u00e9moc Pola Estrada, desde el Congreso del Estado ampliaron la vida \u00fatil de los taxis hasta 8 a\u00f1os, teniendo ahora unidades m\u00e1s viejas y contaminantes.<\/p>\n\n\n\n<p>Y de eso est\u00e1n conscientes taxistas m\u00e1s razonables: hace poco me contaban de un viaje que iba de la planta Nestl\u00e9 de Coatepec al aeropuerto de Veracruz (un trayecto de f\u00e1cil dos mil pesos) pero el usuario se quej\u00f3 en la base del mal estado del taxi y exigi\u00f3 que le mandaran una mejor unidad por el costo que iba a pagar del servicio.<\/p>\n\n\n\n<p>Es cierto, no todos los choferes son malos y en este caso, muchos son v\u00edctimas y hasta rehenes de los intereses gremiales y de los due\u00f1os de las concesiones. Al final de cuentas, lo que buscan todos es ganarse la chuleta, pero a costo de un mal servicio, de no tener competencia, de tener unidades viejas, inc\u00f3modas y seguir privilegiando un obsoleto sistema de transporte p\u00fablico que tambi\u00e9n sirve para cuestiones electorales.<\/p>\n\n\n\n<p>La reacci\u00f3n del Gobierno de Veracruz, por donde se le vea, es m\u00e1s pol\u00edtica que otra cosa y no quieren broncas antes de las elecciones.<\/p>\n\n\n\n<p>Al parecer en la Cuatro-T\u00e9 se espantaron cuando supieron del anuncio de Uber porque aparte de que es diciembre de aguinaldos buenos para los taxistas (mes donde tambi\u00e9n inflan las tarifas), tambi\u00e9n son tiempos electorales, y lo menos que quisieran ver en Palacio de Gobierno son protestas en el estado colapsado por los taxistas.<\/p>\n\n\n\n<p>Por eso la &#8220;apurancia&#8221; en lanzar una postura aparentemente de disposici\u00f3n legal, pero si existe una resoluci\u00f3n definitiva por parte de un juez federal favoreciendo a Uber (agr\u00e9guese que el tal\u00f3n de Aquiles de la 4T es la falta de buenos abogados) el que estar\u00eda faltando a la ley ser\u00eda el propio gobierno.<\/p>\n\n\n\n<p>En una de esas, lo que solamente est\u00e1n tratando de hacer es retrasar lo inevitable: que en alg\u00fan momento entre una plataforma de transporte acorde a nuevos tiempos, lejos de esas mafias transportistas que derivan en grupos como &#8220;Los Cahuamos&#8221; y dem\u00e1s alima\u00f1as.<\/p>\n\n\n\n<p><strong>NOTA PARA PEGAR EN EL REFRI:<\/strong>&nbsp;Dos cosas hicieron bien los diputados&nbsp;<a href=\"outlook-data-detector:\/\/3\">este martes<\/a>: echaron para atr\u00e1s la Ley Banxico, cuestionada hasta por miembros de la 4T como Santiago Nieto Castillo, titular de la poderosa Unidad de Inteligencia Financiera; \u00bfel motivo? dicha ley, promovida por Ricardo Monreal, abre la posibilidad del lavado de dinero en el Banco de M\u00e9xico, algo que Nieto Castillo combate ferozmente&#8230; Por otro lado, aprobaron hasta 7 a\u00f1os de c\u00e1rcel a aquellos que tomen casetas de autopistas s\u00f3lo para lucrar con el paso de los automovilistas.<\/p>\n\n\n\n<p><strong>OTRA NOTA:&nbsp;<\/strong>Que se comenta en la comunidad m\u00e9dica que est\u00e1 llegando mucha gente de Xico al hospital civil de Xalapa &#8220;Luis F. Nach\u00f3n&#8221; por contagios de Covid19, y se hablaba de una saturaci\u00f3n y casi sem\u00e1foro naranja en dicho nosocomio. El pueblo m\u00e1gico y sus autoridades municipales han sido especialmente renuentes a hacer caso a las medidas de prevenci\u00f3n y han convocado a eventos masivos en plena pandemia&#8230; Ahora parece que ya brotan las consecuencias del valemadrismo de la alcaldesa, la misma que dijo que de todas maneras de algo nos vamos a morir.&nbsp;<\/p>\n\n\n\n<p><strong>NOS LEEMOS EN UNA SEMANA:\u00a0<\/strong>Desde hace a\u00f1os me olvid\u00e9 de que significa la palabra &#8220;vacaciones&#8221; (entre otras, por culpa del Jack), pero me dispongo a tomarme por lo menos una semana para echar la hueva y si otra cosa no ocurre, pues nos leemos por ah\u00ed del 25. Gracias a todos, todas, tedes, por estar al pendiente de su columna favorita.<\/p>\n\n\n\n<p><strong>@pablojair<\/strong><\/p>\n","protected":false},"excerpt":{"rendered":"<p>+ Dos cosas hicieron bien los diputados\u00a0este martes.+ Xique\u00f1os infectados de Covid al Hospital Civil de Xalapa.+ Nos leemos en una semana. Informan desde el gabacho que Biden ya puede dormir en paz porque estaba muy al pendiente de la felicitaci\u00f3n del AMLO.&#8211;ChopenjawerAl medio d\u00eda de\u00a0este martes, la noticia del d\u00eda era que &#8211;por fin&#8211; [&hellip;]<\/p>\n","protected":false},"author":1,"featured_media":488,"comment_status":"open","ping_status":"open","sticky":false,"template":"","format":"standard","meta":{"_jetpack_memberships_contains_paid_content":false,"footnotes":""},"categories":[11],"tags":[],"class_list":["post-9190","post","type-post","status-publish","format-standard","has-post-thumbnail","hentry","category-opinion"],"jetpack_featured_media_url":"https:\/\/encuentroinformativo.com.mx\/wp-content\/uploads\/2020\/03\/F471F608-BA1A-416B-BA7B-BCFB24F4E6D0.jpeg","jetpack_sharing_enabled":true,"jetpack_likes_enabled":true,"amp_enabled":true,"_links":{"self":[{"href":"https:\/\/encuentroinformativo.com.mx\/index.php?rest_route=\/wp\/v2\/posts\/9190","targetHints":{"allow":["GET"]}}],"collection":[{"href":"https:\/\/encuentroinformativo.com.mx\/index.php?rest_route=\/wp\/v2\/posts"}],"about":[{"href":"https:\/\/encuentroinformativo.com.mx\/index.php?rest_route=\/wp\/v2\/types\/post"}],"author":[{"embeddable":true,"href":"https:\/\/encuentroinformativo.com.mx\/index.php?rest_route=\/wp\/v2\/users\/1"}],"replies":[{"embeddable":true,"href":"https:\/\/encuentroinformativo.com.mx\/index.php?rest_route=%2Fwp%2Fv2%2Fcomments&post=9190"}],"version-history":[{"count":1,"href":"https:\/\/encuentroinformativo.com.mx\/index.php?rest_route=\/wp\/v2\/posts\/9190\/revisions"}],"predecessor-version":[{"id":9191,"href":"https:\/\/encuentroinformativo.com.mx\/index.php?rest_route=\/wp\/v2\/posts\/9190\/revisions\/9191"}],"wp:featuredmedia":[{"embeddable":true,"href":"https:\/\/encuentroinformativo.com.mx\/index.php?rest_route=\/wp\/v2\/media\/488"}],"wp:attachment":[{"href":"https:\/\/encuentroinformativo.com.mx\/index.php?rest_route=%2Fwp%2Fv2%2Fmedia&parent=9190"}],"wp:term":[{"taxonomy":"category","embeddable":true,"href":"https:\/\/encuentroinformativo.com.mx\/index.php?rest_route=%2Fwp%2Fv2%2Fcategories&post=9190"},{"taxonomy":"post_tag","embeddable":true,"href":"https:\/\/encuentroinformativo.com.mx\/index.php?rest_route=%2Fwp%2Fv2%2Ftags&post=9190"}],"curies":[{"name":"wp","href":"https:\/\/api.w.org\/{rel}","templated":true}]}}