{"id":9197,"date":"2020-12-16T10:24:27","date_gmt":"2020-12-16T16:24:27","guid":{"rendered":"https:\/\/encuentroinformativo.com.mx\/?p=9197"},"modified":"2020-12-16T10:24:30","modified_gmt":"2020-12-16T16:24:30","slug":"esteban-moctezuma-propuesta-de-amlo-para-embajador-en-estados-unidos","status":"publish","type":"post","link":"https:\/\/encuentroinformativo.com.mx\/?p=9197","title":{"rendered":"Esteban Moctezuma propuesta de AMLO para embajador en Estados Unidos"},"content":{"rendered":"\n<p><strong>Redacci\u00f3n\u00a0<\/strong><\/p>\n\n\n\n<p>Xalapa, Ver.- Ante la decisi\u00f3n de la embajadora de M\u00e9xico en Estados Unidos, Martha B\u00e1rcena para cerrar su ciclo en el servicio exterior, el presidente de la Rep\u00fablica Andr\u00e9s Manuel L\u00f3pez Obrador dio a conocer que la propuesta que presentar\u00e1 en el senado es para nombrar a Esteban Moctezuma Barrag\u00e1n como pr\u00f3ximo embajador de M\u00e9xico en Estados Unidos.&nbsp;<\/p>\n\n\n\n<p>Durante la conferencia de prensa ma\u00f1anera, el ejecutivo federal se\u00f1al\u00f3 que la medida se realizar\u00e1 aprovechando tambi\u00e9n el cambio de gobierno en el vecino pa\u00eds del norte.&nbsp;<\/p>\n\n\n\n<p>\u201cY he decidido, en el marco del cambio de gobierno en Estados Unidos, nombrar, una vez que se cumpla con todo el procedimiento, que se solicite el benepl\u00e1cito al gobierno de Estados Unidos, he decidido nombrar a Esteban Moctezuma Barrag\u00e1n, \u00e9l va a ser el pr\u00f3ximo embajador de M\u00e9xico en Estados Unidos\u201d.<\/p>\n\n\n\n<p>Y estoy haciendo una consulta para tambi\u00e9n ya dar a conocer qui\u00e9n se va a quedar de secretario de Educaci\u00f3n P\u00fablica -se\u00f1al\u00f3- estoy en ese proceso para ver qui\u00e9n va a hacerse cargo de la Secretar\u00eda de Educaci\u00f3n P\u00fablica.<\/p>\n\n\n\n<p>L\u00f3pez Obrador reconoci\u00f3 el trabajo que ha realizado el todav\u00eda secretario de educaci\u00f3n en el pa\u00eds, por lo que se\u00f1al\u00f3 que aprovechar\u00e1 las \u00faltimas semanas al cargo para que los ayude a organizar el retorno a clase en los distintos estados del pa\u00eds.&nbsp;<\/p>\n\n\n\n<p>\u201cEn el caso de Esteban, que ha hecho muy buen trabajo como secretario de Educaci\u00f3n P\u00fablica, termine el a\u00f1o, nos ayude a preparar el regreso a clases en los estados en que es posible hacerlo, porque est\u00e1n en verde y se pueden iniciar clases; tambi\u00e9n en los estados en donde hay sem\u00e1foro amarillo, que puedan empezar ya algunas actividades escolares teniendo como centro, como eje la escuela para empezar a ir a la normalidad\u201d.&nbsp;<\/p>\n","protected":false},"excerpt":{"rendered":"<p>Redacci\u00f3n\u00a0 Xalapa, Ver.- Ante la decisi\u00f3n de la embajadora de M\u00e9xico en Estados Unidos, Martha B\u00e1rcena para cerrar su ciclo en el servicio exterior, el presidente de la Rep\u00fablica Andr\u00e9s Manuel L\u00f3pez Obrador dio a conocer que la propuesta que presentar\u00e1 en el senado es para nombrar a Esteban Moctezuma Barrag\u00e1n como pr\u00f3ximo embajador de [&hellip;]<\/p>\n","protected":false},"author":1,"featured_media":2512,"comment_status":"open","ping_status":"open","sticky":false,"template":"","format":"standard","meta":{"_jetpack_memberships_contains_paid_content":false,"footnotes":""},"categories":[13],"tags":[],"class_list":["post-9197","post","type-post","status-publish","format-standard","has-post-thumbnail","hentry","category-internacional"],"jetpack_featured_media_url":"https:\/\/encuentroinformativo.com.mx\/wp-content\/uploads\/2020\/05\/6A75463C-CE86-4193-B1DC-C90C0693702A.jpeg","jetpack_sharing_enabled":true,"jetpack_likes_enabled":true,"amp_enabled":true,"_links":{"self":[{"href":"https:\/\/encuentroinformativo.com.mx\/index.php?rest_route=\/wp\/v2\/posts\/9197","targetHints":{"allow":["GET"]}}],"collection":[{"href":"https:\/\/encuentroinformativo.com.mx\/index.php?rest_route=\/wp\/v2\/posts"}],"about":[{"href":"https:\/\/encuentroinformativo.com.mx\/index.php?rest_route=\/wp\/v2\/types\/post"}],"author":[{"embeddable":true,"href":"https:\/\/encuentroinformativo.com.mx\/index.php?rest_route=\/wp\/v2\/users\/1"}],"replies":[{"embeddable":true,"href":"https:\/\/encuentroinformativo.com.mx\/index.php?rest_route=%2Fwp%2Fv2%2Fcomments&post=9197"}],"version-history":[{"count":1,"href":"https:\/\/encuentroinformativo.com.mx\/index.php?rest_route=\/wp\/v2\/posts\/9197\/revisions"}],"predecessor-version":[{"id":9198,"href":"https:\/\/encuentroinformativo.com.mx\/index.php?rest_route=\/wp\/v2\/posts\/9197\/revisions\/9198"}],"wp:featuredmedia":[{"embeddable":true,"href":"https:\/\/encuentroinformativo.com.mx\/index.php?rest_route=\/wp\/v2\/media\/2512"}],"wp:attachment":[{"href":"https:\/\/encuentroinformativo.com.mx\/index.php?rest_route=%2Fwp%2Fv2%2Fmedia&parent=9197"}],"wp:term":[{"taxonomy":"category","embeddable":true,"href":"https:\/\/encuentroinformativo.com.mx\/index.php?rest_route=%2Fwp%2Fv2%2Fcategories&post=9197"},{"taxonomy":"post_tag","embeddable":true,"href":"https:\/\/encuentroinformativo.com.mx\/index.php?rest_route=%2Fwp%2Fv2%2Ftags&post=9197"}],"curies":[{"name":"wp","href":"https:\/\/api.w.org\/{rel}","templated":true}]}}