{"id":920,"date":"2020-03-14T16:38:15","date_gmt":"2020-03-14T22:38:15","guid":{"rendered":"https:\/\/encuentroinformativo.com\/?p=920"},"modified":"2020-03-14T16:38:17","modified_gmt":"2020-03-14T22:38:17","slug":"por-covid-19-sep-adelanta-vacaciones-de-semana-santa","status":"publish","type":"post","link":"https:\/\/encuentroinformativo.com.mx\/?p=920","title":{"rendered":"Por Covid-19, SEP adelanta vacaciones de Semana Santa"},"content":{"rendered":"\n<p>Maricela Paz<\/p>\n\n\n\n<p>M\u00e9xico  (<strong>Fuente: <\/strong>Notimex).- El titular de la Secretar\u00eda de Educaci\u00f3n P\u00fablica (SEP), Esteban Moctezuma Barrag\u00e1n, inform\u00f3 que se adelantar\u00e1n las vacaciones de Semana Santa, del 20 de marzo al 20 de abril y que se suspender\u00e1n actividades c\u00edvicas y deportivas, esto como medidas de sana distancia por la presencia del Covid-19 en el pa\u00eds.<\/p>\n\n\n\n<p>Tras una reuni\u00f3n con el subsecretario de Salud, Hugo L\u00f3pez-Gatell, y titulares de instituciones y secretar\u00edas de educaci\u00f3n estatales, se tomaron diversos acuerdos entre los que destacan: un receso de 10 d\u00edas m\u00e1s -que ser\u00e1n repuestos al final del ciclo escolar- sumado a las vacaciones de Semana Santa, adem\u00e1s de filtros escolares.<\/p>\n\n\n\n<p>Esta extensi\u00f3n del receso de clases se aplicar\u00e1 para los niveles b\u00e1sico, media superior y superior, agreg\u00f3 el funcionario federal.<\/p>\n\n\n\n<p>Indic\u00f3 tambi\u00e9n que se establecer\u00e1 un sistema de educaci\u00f3n a distancia a trav\u00e9s de canales de televisi\u00f3n y de medios digitales para aprovechar los materiales.<\/p>\n\n\n\n<p>Sobre los filtros que se realizar\u00e1n en las escuelas, Esteban Moctezuma, inform\u00f3 que los padres y madres de familia deber\u00e1n presentar a los maestros un documento firmado en el que se indique que al salir de casa, le lavaron las manos a sus hijos y que revisaron que no presentaran s\u00edntomas de fiebre, tos seca o dolor de cabeza.<\/p>\n\n\n\n<p>Tambi\u00e9n inform\u00f3 que se dotar\u00e1n de jab\u00f3n y materiales de higiene a todas las escuelas para que puedan cumplir con las medidas preventivas y evitar contagios.<\/p>\n\n\n\n<p>\u201cSe recomienda a todos un aislamiento preventivo, no se trata que salgan de vacaciones y se junten a disfrutar de las vacaciones, se quiere evitar la proximidad para los contagios\u201d, dijo.<\/p>\n\n\n\n<p>Adem\u00e1s, se establecer\u00e1 un consejo t\u00e9cnico para explicar a maestros y directores lo que significar\u00e1n las dos semanas de recesos y la forma de implementar la educaci\u00f3n a distancia.<\/p>\n\n\n\n<p>Por su parte, el subsecretario de Salud, Hugo L\u00f3pez-Gatell, coment\u00f3 que estas medidas se han tomado en el tiempo adecuado, en el punto donde empieza la inflexi\u00f3n de la curva epid\u00e9mica, de una transmisi\u00f3n peque\u00f1a a un aumento importante de casos.<\/p>\n\n\n\n<p><\/p>\n","protected":false},"excerpt":{"rendered":"<p>Maricela Paz M\u00e9xico (Fuente: Notimex).- El titular de la Secretar\u00eda de Educaci\u00f3n P\u00fablica (SEP), Esteban Moctezuma Barrag\u00e1n, inform\u00f3 que se adelantar\u00e1n las vacaciones de Semana Santa, del 20 de marzo al 20 de abril y que se suspender\u00e1n actividades c\u00edvicas y deportivas, esto como medidas de sana distancia por la presencia del Covid-19 en el [&hellip;]<\/p>\n","protected":false},"author":1,"featured_media":297,"comment_status":"open","ping_status":"open","sticky":false,"template":"","format":"standard","meta":{"_jetpack_memberships_contains_paid_content":false,"footnotes":""},"categories":[12],"tags":[],"class_list":["post-920","post","type-post","status-publish","format-standard","has-post-thumbnail","hentry","category-nacional"],"jetpack_featured_media_url":"https:\/\/encuentroinformativo.com.mx\/wp-content\/uploads\/2020\/03\/ezy-watermark_03-03-2020_02-20-47p.m..jpg","jetpack_sharing_enabled":true,"jetpack_likes_enabled":true,"amp_enabled":true,"_links":{"self":[{"href":"https:\/\/encuentroinformativo.com.mx\/index.php?rest_route=\/wp\/v2\/posts\/920","targetHints":{"allow":["GET"]}}],"collection":[{"href":"https:\/\/encuentroinformativo.com.mx\/index.php?rest_route=\/wp\/v2\/posts"}],"about":[{"href":"https:\/\/encuentroinformativo.com.mx\/index.php?rest_route=\/wp\/v2\/types\/post"}],"author":[{"embeddable":true,"href":"https:\/\/encuentroinformativo.com.mx\/index.php?rest_route=\/wp\/v2\/users\/1"}],"replies":[{"embeddable":true,"href":"https:\/\/encuentroinformativo.com.mx\/index.php?rest_route=%2Fwp%2Fv2%2Fcomments&post=920"}],"version-history":[{"count":1,"href":"https:\/\/encuentroinformativo.com.mx\/index.php?rest_route=\/wp\/v2\/posts\/920\/revisions"}],"predecessor-version":[{"id":921,"href":"https:\/\/encuentroinformativo.com.mx\/index.php?rest_route=\/wp\/v2\/posts\/920\/revisions\/921"}],"wp:featuredmedia":[{"embeddable":true,"href":"https:\/\/encuentroinformativo.com.mx\/index.php?rest_route=\/wp\/v2\/media\/297"}],"wp:attachment":[{"href":"https:\/\/encuentroinformativo.com.mx\/index.php?rest_route=%2Fwp%2Fv2%2Fmedia&parent=920"}],"wp:term":[{"taxonomy":"category","embeddable":true,"href":"https:\/\/encuentroinformativo.com.mx\/index.php?rest_route=%2Fwp%2Fv2%2Fcategories&post=920"},{"taxonomy":"post_tag","embeddable":true,"href":"https:\/\/encuentroinformativo.com.mx\/index.php?rest_route=%2Fwp%2Fv2%2Ftags&post=920"}],"curies":[{"name":"wp","href":"https:\/\/api.w.org\/{rel}","templated":true}]}}