{"id":9201,"date":"2020-12-16T12:48:58","date_gmt":"2020-12-16T18:48:58","guid":{"rendered":"https:\/\/encuentroinformativo.com.mx\/?p=9201"},"modified":"2020-12-16T12:49:01","modified_gmt":"2020-12-16T18:49:01","slug":"normalistas-demandan-informacion-sobre-avances-en-carrera-de-maestros","status":"publish","type":"post","link":"https:\/\/encuentroinformativo.com.mx\/?p=9201","title":{"rendered":"Normalistas demandan informaci\u00f3n sobre avances en carrera de maestros"},"content":{"rendered":"\n<p><strong>Dar\u00edo Pale <\/strong><\/p>\n\n\n\n<p>Xalapa, Ver.- Esta ma\u00f1ana de manera pac\u00edfica se manifestaron en las afueras de las instalaciones de la Secretar\u00eda de Educaci\u00f3n de Veracruz (SEV), docentes egresados de diferentes escuelas normales p\u00fablicas, de la Universidad Pedag\u00f3gica Veracruzana (UPV) y de la Universidad Pedag\u00f3gica Nacional (UPN), para solicitar al titular, Zenyazen Escobar Garc\u00eda, saber c\u00f3mo va el proceso de la Unidad del Sistema para la Carrera de las Maestras y los Maestros (USISCAMM) del ciclo 2020-2021.<\/p>\n\n\n\n<p>Entrevistado durante la manifestaci\u00f3n en las afueras de la SEV, uno de los inconformes explic\u00f3 que la diputada federal Tania Cruz Santos, del grupo legislativo de Morena, propuso una iniciativa para que los egresados de las escuelas normales privadas vayan a la par de los egresados de las normales p\u00fablicas, cuando se defini\u00f3 que ellos ser\u00edan una prioridad para lograr una basificaci\u00f3n.<\/p>\n\n\n\n<p>\u201cVenimos a que nos aclaren algunos puntos relativos al proceso de admisi\u00f3n vigente. La diputada Tania Cruz est\u00e1 intentando modificar el proceso actual, cuando existen normativas en donde se da prioridad a las normales p\u00fablicas, a la UPN y a la UPV, venimos de manera pac\u00edfica buscando que la Secretar\u00eda esclarezca est\u00e1 situaci\u00f3n&#8221;, se\u00f1al\u00f3.<\/p>\n\n\n\n<p>Aclar\u00f3 que ellos tienen un nombramiento frente a grupo que, aunque es de tipo definitivo, tiene car\u00e1cter temporal seg\u00fan las claves que se manejan y de acuerdo al proceso de admisi\u00f3n.<\/p>\n\n\n\n<p>&#8220;Nosotros ya estamos con nuestra basificaci\u00f3n, s\u00f3lo nos falta una evaluaci\u00f3n y as\u00ed lo marca la normativa. Del total de las plazas asignadas en educaci\u00f3n b\u00e1sica, aproximadamente llegan a las 300 o 400, por lo que nos ver\u00edamos afectados&#8221;, abund\u00f3.<\/p>\n\n\n\n<p>Asever\u00f3 que la exigencia es que se respete el proceso con base en la convocatoria 2020-2021 y los criterios excepcionales emitidos por la pandemia, donde se establece que a las personas que se les va a dar un nombramiento con una vacante definitiva, tengan derecho a buscar su proceso de basificaci\u00f3n por medio de una evaluaci\u00f3n final.<\/p>\n\n\n\n<p>&#8220;La diputada Tania propone que se junte la lista 1, que es de los que tenemos acceso y se junte con la lista 2, que es de egresados de escuelas particulares y, propone que nuestro nombramiento sea un interinato y no tengamos derecho a una basificaci\u00f3n porque vamos a volver a participar. Nosotros consideramos que es incorrecto&#8221;, subray\u00f3.<\/p>\n\n\n\n<p>El docente enfatiz\u00f3 que si deciden que en el pr\u00f3ximo proceso de admisi\u00f3n 2021-2022 sea de esa manera, que se haga, pero con base en la legalidad.<\/p>\n\n\n\n<p>&#8220;Nosotros estamos a favor de una evaluaci\u00f3n que nos permita buscar la basificaci\u00f3n, no volver a participar, porque todos los compa\u00f1eros tenemos gastos, estamos frente a grupo, tenemos que estar en nuestro trabajo. Hoy muchos de los que est\u00e1n aqu\u00ed vienen desde la zona norte, de la zona sur, transport\u00e1ndose por sus propios medios y todos cumplimos con los lineamientos que marca la convocatoria, pedimos congruencia de parte de las autoridades para continuar nuestro proceso de basificaci\u00f3n&#8221;, finaliz\u00f3.<\/p>\n","protected":false},"excerpt":{"rendered":"<p>Dar\u00edo Pale Xalapa, Ver.- Esta ma\u00f1ana de manera pac\u00edfica se manifestaron en las afueras de las instalaciones de la Secretar\u00eda de Educaci\u00f3n de Veracruz (SEV), docentes egresados de diferentes escuelas normales p\u00fablicas, de la Universidad Pedag\u00f3gica Veracruzana (UPV) y de la Universidad Pedag\u00f3gica Nacional (UPN), para solicitar al titular, Zenyazen Escobar Garc\u00eda, saber c\u00f3mo va [&hellip;]<\/p>\n","protected":false},"author":1,"featured_media":9202,"comment_status":"open","ping_status":"open","sticky":false,"template":"","format":"standard","meta":{"_jetpack_memberships_contains_paid_content":false,"footnotes":""},"categories":[3],"tags":[],"class_list":["post-9201","post","type-post","status-publish","format-standard","has-post-thumbnail","hentry","category-xalapa"],"jetpack_featured_media_url":"https:\/\/encuentroinformativo.com.mx\/wp-content\/uploads\/2020\/12\/75FEB04B-48EE-45E7-B48F-22C618B656B7.jpeg","jetpack_sharing_enabled":true,"jetpack_likes_enabled":true,"amp_enabled":true,"_links":{"self":[{"href":"https:\/\/encuentroinformativo.com.mx\/index.php?rest_route=\/wp\/v2\/posts\/9201","targetHints":{"allow":["GET"]}}],"collection":[{"href":"https:\/\/encuentroinformativo.com.mx\/index.php?rest_route=\/wp\/v2\/posts"}],"about":[{"href":"https:\/\/encuentroinformativo.com.mx\/index.php?rest_route=\/wp\/v2\/types\/post"}],"author":[{"embeddable":true,"href":"https:\/\/encuentroinformativo.com.mx\/index.php?rest_route=\/wp\/v2\/users\/1"}],"replies":[{"embeddable":true,"href":"https:\/\/encuentroinformativo.com.mx\/index.php?rest_route=%2Fwp%2Fv2%2Fcomments&post=9201"}],"version-history":[{"count":1,"href":"https:\/\/encuentroinformativo.com.mx\/index.php?rest_route=\/wp\/v2\/posts\/9201\/revisions"}],"predecessor-version":[{"id":9203,"href":"https:\/\/encuentroinformativo.com.mx\/index.php?rest_route=\/wp\/v2\/posts\/9201\/revisions\/9203"}],"wp:featuredmedia":[{"embeddable":true,"href":"https:\/\/encuentroinformativo.com.mx\/index.php?rest_route=\/wp\/v2\/media\/9202"}],"wp:attachment":[{"href":"https:\/\/encuentroinformativo.com.mx\/index.php?rest_route=%2Fwp%2Fv2%2Fmedia&parent=9201"}],"wp:term":[{"taxonomy":"category","embeddable":true,"href":"https:\/\/encuentroinformativo.com.mx\/index.php?rest_route=%2Fwp%2Fv2%2Fcategories&post=9201"},{"taxonomy":"post_tag","embeddable":true,"href":"https:\/\/encuentroinformativo.com.mx\/index.php?rest_route=%2Fwp%2Fv2%2Ftags&post=9201"}],"curies":[{"name":"wp","href":"https:\/\/api.w.org\/{rel}","templated":true}]}}