{"id":9204,"date":"2020-12-16T14:05:43","date_gmt":"2020-12-16T20:05:43","guid":{"rendered":"https:\/\/encuentroinformativo.com.mx\/?p=9204"},"modified":"2020-12-16T14:06:40","modified_gmt":"2020-12-16T20:06:40","slug":"transporte-publico-inicia-caceria-de-in-driver-y-uber-en-veracruz-%ef%bb%bf","status":"publish","type":"post","link":"https:\/\/encuentroinformativo.com.mx\/?p=9204","title":{"rendered":"Transporte P\u00fablico inicia \u201ccacer\u00eda\u201d de In Driver y Uber en Veracruz \ufeff"},"content":{"rendered":"\n<p><strong>Alejandro \u00c1vila<\/strong><\/p>\n\n\n\n<p>Veracruz, Ver.- El delegado de Transporte P\u00fablico en regi\u00f3n Veracruz, Javier Azcoitia Blasquez, descart\u00f3 que exista la facultad para que la empresa Uber pueda operar en municipios de la entidad veracruzana, y asegur\u00f3 que habr\u00e1 operativos permanentes y aleatorios para intervenir unidades en caso de encontrar servicios v\u00eda aplicaci\u00f3n celular.<\/p>\n\n\n\n<p>Mencion\u00f3 que toda unidad m\u00f3vil intervenida se har\u00e1 acreedora de una infracci\u00f3n de aproximadamente mil UMA\u2019s, adem\u00e1s de ser puestas a disposici\u00f3n de la Fiscal\u00eda correspondiente.<\/p>\n\n\n\n<p>\u201cAyer detuvimos dos unidades de la aplicaci\u00f3n In Driver que fueron puestas a disposici\u00f3n de la Fiscal\u00eda, obviamente sabemos que son aplicaciones que no tienen autorizaci\u00f3n, y por lo mismo no se les va a permitir trabajar (\u2026) no, no hemos detectado unidades de Uber todav\u00eda, hemos detectado unidades de In Driver\u201d, subray\u00f3.<\/p>\n\n\n\n<p>Al cuestionarle por qu\u00e9 la empresa Uber habr\u00eda dado este anunci\u00f3 de inicio de operaciones en Veracruz, Xalapa y Coatzacoalcos a partir del 15 de diciembre del 2020, mencion\u00f3 que aparentemente es pura publicidad y de la misma manera conocer la reacci\u00f3n de la gente y autoridades.<\/p>\n\n\n\n<p>\u201cInclusive sac\u00f3 un desplegado donde no tiene unidades en la zona. As\u00ed mismo In Driver sac\u00f3 un comunicado, donde \u00e9l no se hace responsable de las unidades que detenemos, \u00f3sea esas aplicaciones los deja solos a los que detenemos\u201d, asest\u00f3.<\/p>\n\n\n\n<p>Azcoitia Blasquez, invit\u00f3 a la ciudadan\u00eda a dejar de utilizar las unidades de transporte v\u00eda aplicaci\u00f3n celular, pues asegur\u00f3 que estas no se encuentran registradas ante ninguna autoridad gubernamental.<\/p>\n\n\n\n<p>\u201cSabemos que en el caso de Uber en diversos Estados han cometido algunos delitos, pues por propia seguridad evitar utilizar ese tipo de unidades, y bueno, a los conductores que se adhieren a esas aplicaciones, hacerles la recomendaci\u00f3n de que cuando los detengamos, pues simple y sencillamente vamos a hacer la aplicaci\u00f3n de la ley\u201d, remat\u00f3.<br>&nbsp;<br>&nbsp;<\/p>\n","protected":false},"excerpt":{"rendered":"<p>Alejandro \u00c1vila Veracruz, Ver.- El delegado de Transporte P\u00fablico en regi\u00f3n Veracruz, Javier Azcoitia Blasquez, descart\u00f3 que exista la facultad para que la empresa Uber pueda operar en municipios de la entidad veracruzana, y asegur\u00f3 que habr\u00e1 operativos permanentes y aleatorios para intervenir unidades en caso de encontrar servicios v\u00eda aplicaci\u00f3n celular. Mencion\u00f3 que toda [&hellip;]<\/p>\n","protected":false},"author":1,"featured_media":9205,"comment_status":"open","ping_status":"open","sticky":false,"template":"","format":"standard","meta":{"_jetpack_memberships_contains_paid_content":false,"footnotes":""},"categories":[2],"tags":[],"class_list":["post-9204","post","type-post","status-publish","format-standard","has-post-thumbnail","hentry","category-estado"],"jetpack_featured_media_url":"https:\/\/encuentroinformativo.com.mx\/wp-content\/uploads\/2020\/12\/AA3E6222-D3B7-4507-B5F9-77FED144647B.jpeg","jetpack_sharing_enabled":true,"jetpack_likes_enabled":true,"amp_enabled":true,"_links":{"self":[{"href":"https:\/\/encuentroinformativo.com.mx\/index.php?rest_route=\/wp\/v2\/posts\/9204","targetHints":{"allow":["GET"]}}],"collection":[{"href":"https:\/\/encuentroinformativo.com.mx\/index.php?rest_route=\/wp\/v2\/posts"}],"about":[{"href":"https:\/\/encuentroinformativo.com.mx\/index.php?rest_route=\/wp\/v2\/types\/post"}],"author":[{"embeddable":true,"href":"https:\/\/encuentroinformativo.com.mx\/index.php?rest_route=\/wp\/v2\/users\/1"}],"replies":[{"embeddable":true,"href":"https:\/\/encuentroinformativo.com.mx\/index.php?rest_route=%2Fwp%2Fv2%2Fcomments&post=9204"}],"version-history":[{"count":2,"href":"https:\/\/encuentroinformativo.com.mx\/index.php?rest_route=\/wp\/v2\/posts\/9204\/revisions"}],"predecessor-version":[{"id":9207,"href":"https:\/\/encuentroinformativo.com.mx\/index.php?rest_route=\/wp\/v2\/posts\/9204\/revisions\/9207"}],"wp:featuredmedia":[{"embeddable":true,"href":"https:\/\/encuentroinformativo.com.mx\/index.php?rest_route=\/wp\/v2\/media\/9205"}],"wp:attachment":[{"href":"https:\/\/encuentroinformativo.com.mx\/index.php?rest_route=%2Fwp%2Fv2%2Fmedia&parent=9204"}],"wp:term":[{"taxonomy":"category","embeddable":true,"href":"https:\/\/encuentroinformativo.com.mx\/index.php?rest_route=%2Fwp%2Fv2%2Fcategories&post=9204"},{"taxonomy":"post_tag","embeddable":true,"href":"https:\/\/encuentroinformativo.com.mx\/index.php?rest_route=%2Fwp%2Fv2%2Ftags&post=9204"}],"curies":[{"name":"wp","href":"https:\/\/api.w.org\/{rel}","templated":true}]}}