{"id":9211,"date":"2020-12-16T14:59:08","date_gmt":"2020-12-16T20:59:08","guid":{"rendered":"https:\/\/encuentroinformativo.com.mx\/?p=9211"},"modified":"2020-12-16T14:59:11","modified_gmt":"2020-12-16T20:59:11","slug":"amagan-taxistas-con-quemar-unidades-de-uber","status":"publish","type":"post","link":"https:\/\/encuentroinformativo.com.mx\/?p=9211","title":{"rendered":"Amagan taxistas con quemar unidades de Uber"},"content":{"rendered":"\n<p><strong>Juan Arcos<\/strong><\/p>\n\n\n\n<p>Xalapa, Ver.- La operaci\u00f3n del servicio de transporte por parte de la empresa Uber representa una competencia desleal, toda vez que carece de permisos por parte del gobierno estatal.<\/p>\n\n\n\n<p>As\u00ed lo expres\u00f3 el coordinador del Frente de Organizaciones de Taxistas del Estado de Veracruz, (Frotev), Jos\u00e9 Manuel Conde Ju\u00e1rez, quien a\u00f1adi\u00f3 que las organizaciones transportistas no estaban enterados de que hab\u00eda entrado en operaciones Uber en los municipios de Veracruz, Xalapa y Coatzacoalcos, a partir del 15 de diciembre.<\/p>\n\n\n\n<p>\u201cHay compa\u00f1eros que dicen: vamos agarrar un carro Uber y lo vamos a quemar frente a palacio. La direcci\u00f3n de Transporte tiene que informarnos que est\u00e1 pasando, el gobernador tambi\u00e9n\u201d.<\/p>\n\n\n\n<p>Indic\u00f3 que la empresa Uber debe pagar impuestos y cubrir los mismos requisitos que los taxistas para poder operar en la entidad.<\/p>\n\n\n\n<p>\u201cNo estamos en contra de la tecnolog\u00eda, de la libre competencia; en lo que estamos en desacuerdo y nos vamos a defender hasta con las u\u00f1as, es la inequidad y deslealtad. No puede ser que lleguen a plantarse y rompan esquemas legales que tiene cada gobierno\u201d.<\/p>\n\n\n\n<p>Record\u00f3 que hace dos a\u00f1os, cuando el gobierno del estado se hab\u00eda pronunciado en contra de la operaci\u00f3n de dicha empresa.<\/p>\n\n\n\n<p>\u201c\u00bfQuieren trabajar? Que saquen su concesi\u00f3n del transporte p\u00fablico, cumplan con los programas que imponen los gobiernos desde el de Yunes hasta Cuitl\u00e1huac, que le entren al padr\u00f3n, porque a nosotros nos ha costado tiempo y dinero\u201d.<\/p>\n\n\n\n<p>Conde Ju\u00e1rez mencion\u00f3 que el gremio taxista est\u00e1 molesto y preocupado, toda vez que el ingreso de Uber ocasionar\u00eda una baja en sus ingresos econ\u00f3micos.<\/p>\n","protected":false},"excerpt":{"rendered":"<p>Juan Arcos Xalapa, Ver.- La operaci\u00f3n del servicio de transporte por parte de la empresa Uber representa una competencia desleal, toda vez que carece de permisos por parte del gobierno estatal. As\u00ed lo expres\u00f3 el coordinador del Frente de Organizaciones de Taxistas del Estado de Veracruz, (Frotev), Jos\u00e9 Manuel Conde Ju\u00e1rez, quien a\u00f1adi\u00f3 que las [&hellip;]<\/p>\n","protected":false},"author":1,"featured_media":9209,"comment_status":"open","ping_status":"open","sticky":false,"template":"","format":"standard","meta":{"_jetpack_memberships_contains_paid_content":false,"footnotes":""},"categories":[3],"tags":[],"class_list":["post-9211","post","type-post","status-publish","format-standard","has-post-thumbnail","hentry","category-xalapa"],"jetpack_featured_media_url":"https:\/\/encuentroinformativo.com.mx\/wp-content\/uploads\/2020\/12\/D2B0D1D9-AD86-425B-BAFA-363D93FE088A.jpeg","jetpack_sharing_enabled":true,"jetpack_likes_enabled":true,"amp_enabled":true,"_links":{"self":[{"href":"https:\/\/encuentroinformativo.com.mx\/index.php?rest_route=\/wp\/v2\/posts\/9211","targetHints":{"allow":["GET"]}}],"collection":[{"href":"https:\/\/encuentroinformativo.com.mx\/index.php?rest_route=\/wp\/v2\/posts"}],"about":[{"href":"https:\/\/encuentroinformativo.com.mx\/index.php?rest_route=\/wp\/v2\/types\/post"}],"author":[{"embeddable":true,"href":"https:\/\/encuentroinformativo.com.mx\/index.php?rest_route=\/wp\/v2\/users\/1"}],"replies":[{"embeddable":true,"href":"https:\/\/encuentroinformativo.com.mx\/index.php?rest_route=%2Fwp%2Fv2%2Fcomments&post=9211"}],"version-history":[{"count":1,"href":"https:\/\/encuentroinformativo.com.mx\/index.php?rest_route=\/wp\/v2\/posts\/9211\/revisions"}],"predecessor-version":[{"id":9212,"href":"https:\/\/encuentroinformativo.com.mx\/index.php?rest_route=\/wp\/v2\/posts\/9211\/revisions\/9212"}],"wp:featuredmedia":[{"embeddable":true,"href":"https:\/\/encuentroinformativo.com.mx\/index.php?rest_route=\/wp\/v2\/media\/9209"}],"wp:attachment":[{"href":"https:\/\/encuentroinformativo.com.mx\/index.php?rest_route=%2Fwp%2Fv2%2Fmedia&parent=9211"}],"wp:term":[{"taxonomy":"category","embeddable":true,"href":"https:\/\/encuentroinformativo.com.mx\/index.php?rest_route=%2Fwp%2Fv2%2Fcategories&post=9211"},{"taxonomy":"post_tag","embeddable":true,"href":"https:\/\/encuentroinformativo.com.mx\/index.php?rest_route=%2Fwp%2Fv2%2Ftags&post=9211"}],"curies":[{"name":"wp","href":"https:\/\/api.w.org\/{rel}","templated":true}]}}