{"id":9217,"date":"2020-12-16T16:51:23","date_gmt":"2020-12-16T22:51:23","guid":{"rendered":"https:\/\/encuentroinformativo.com.mx\/?p=9217"},"modified":"2020-12-16T16:51:25","modified_gmt":"2020-12-16T22:51:25","slug":"reanudaran-protestas-contra-nestle","status":"publish","type":"post","link":"https:\/\/encuentroinformativo.com.mx\/?p=9217","title":{"rendered":"Reanudar\u00e1n protestas contra Nestl\u00e9"},"content":{"rendered":"\n<p><strong>Juan Arcos <\/strong><\/p>\n\n\n\n<p>Coatepec, Ver.- Vecinos de la comunidad La Ordu\u00f1a, municipio de Coatepec, amagaron con iniciar protestas y bloqueos contra la empresa Nestl\u00e9, debido a los da\u00f1os que ocasiona el paso de veh\u00edculos de carga pesada en la zona.<\/p>\n\n\n\n<p>Los pobladores han solicitado a la empresa que construya un nuevo acceso en la zona del libramiento; sin embargo, el proyecto se ha detenido.<\/p>\n\n\n\n<p>De acuerdo con Genaro Sulvar\u00e1n, uno de los vecinos, el paso de los camiones ha da\u00f1ado el camino principal y ocasionado afectaciones en las viviendas.<\/p>\n\n\n\n<p>Incluso, se\u00f1al\u00f3 que las vibraciones derivadas del tr\u00e1nsito pesado han roto los vidrios de las ventanas y ocasionado que las paredes de las casas presenten fracturas.<\/p>\n\n\n\n<p>\u201cEstamos a punto de empezar a reactivar las manifestaciones y llegar a los bloqueos. Son tambi\u00e9n problemas de ruido que son las 24 horas\u201d.<\/p>\n\n\n\n<p>El entrevistado refiri\u00f3 que cerca de 3 mil familias se est\u00e1n viendo afectadas por la empresa Nestl\u00e9 en dicha localidad.<\/p>\n\n\n\n<p>Adem\u00e1s, coment\u00f3 que ha habido di\u00e1logo con autoridades del Ayuntamiento de Coatepec para que sus peticiones sean atendidas.<\/p>\n\n\n\n<p>\u201cHa habido di\u00e1logo, dicen que todo bien y que empiezan la semana que viene, que falta una firma, pero no hay nada concreto y estamos hablando con el alcalde (Enrique Fern\u00e1ndez Peredo) para tener una reuni\u00f3n\u201d.<\/p>\n\n\n\n<p>En solo 20 minutos ingresan m\u00e1s de diez tr\u00e1ileres por la carretera Xalapa-Coatepec, en la zona conocida como La Florida, hacia el camino que conduce a La Ordu\u00f1a.<\/p>\n","protected":false},"excerpt":{"rendered":"<p>Juan Arcos Coatepec, Ver.- Vecinos de la comunidad La Ordu\u00f1a, municipio de Coatepec, amagaron con iniciar protestas y bloqueos contra la empresa Nestl\u00e9, debido a los da\u00f1os que ocasiona el paso de veh\u00edculos de carga pesada en la zona. Los pobladores han solicitado a la empresa que construya un nuevo acceso en la zona del [&hellip;]<\/p>\n","protected":false},"author":1,"featured_media":9218,"comment_status":"open","ping_status":"open","sticky":false,"template":"","format":"standard","meta":{"_jetpack_memberships_contains_paid_content":false,"footnotes":""},"categories":[8],"tags":[],"class_list":["post-9217","post","type-post","status-publish","format-standard","has-post-thumbnail","hentry","category-region"],"jetpack_featured_media_url":"https:\/\/encuentroinformativo.com.mx\/wp-content\/uploads\/2020\/12\/A3AD9863-E50D-4815-83EE-50914BF592E5.jpeg","jetpack_sharing_enabled":true,"jetpack_likes_enabled":true,"amp_enabled":true,"_links":{"self":[{"href":"https:\/\/encuentroinformativo.com.mx\/index.php?rest_route=\/wp\/v2\/posts\/9217","targetHints":{"allow":["GET"]}}],"collection":[{"href":"https:\/\/encuentroinformativo.com.mx\/index.php?rest_route=\/wp\/v2\/posts"}],"about":[{"href":"https:\/\/encuentroinformativo.com.mx\/index.php?rest_route=\/wp\/v2\/types\/post"}],"author":[{"embeddable":true,"href":"https:\/\/encuentroinformativo.com.mx\/index.php?rest_route=\/wp\/v2\/users\/1"}],"replies":[{"embeddable":true,"href":"https:\/\/encuentroinformativo.com.mx\/index.php?rest_route=%2Fwp%2Fv2%2Fcomments&post=9217"}],"version-history":[{"count":1,"href":"https:\/\/encuentroinformativo.com.mx\/index.php?rest_route=\/wp\/v2\/posts\/9217\/revisions"}],"predecessor-version":[{"id":9219,"href":"https:\/\/encuentroinformativo.com.mx\/index.php?rest_route=\/wp\/v2\/posts\/9217\/revisions\/9219"}],"wp:featuredmedia":[{"embeddable":true,"href":"https:\/\/encuentroinformativo.com.mx\/index.php?rest_route=\/wp\/v2\/media\/9218"}],"wp:attachment":[{"href":"https:\/\/encuentroinformativo.com.mx\/index.php?rest_route=%2Fwp%2Fv2%2Fmedia&parent=9217"}],"wp:term":[{"taxonomy":"category","embeddable":true,"href":"https:\/\/encuentroinformativo.com.mx\/index.php?rest_route=%2Fwp%2Fv2%2Fcategories&post=9217"},{"taxonomy":"post_tag","embeddable":true,"href":"https:\/\/encuentroinformativo.com.mx\/index.php?rest_route=%2Fwp%2Fv2%2Ftags&post=9217"}],"curies":[{"name":"wp","href":"https:\/\/api.w.org\/{rel}","templated":true}]}}